{"id":46286,"date":"2022-03-09T18:00:20","date_gmt":"2022-03-09T18:00:20","guid":{"rendered":"https:\/\/notiissa.mx\/?p=46286"},"modified":"2022-03-09T18:00:21","modified_gmt":"2022-03-09T18:00:21","slug":"interjet-anuncia-que-ya-tiene-tripulaciones-para-iniciar-operativa","status":"publish","type":"post","link":"https:\/\/notiissa.mx\/?p=46286","title":{"rendered":"Interjet anuncia que ya tiene tripulaciones para iniciar operativa"},"content":{"rendered":"\n<p>Carlos del Valle, director ejecutivo de Interjet asegura que mantiene ya 5 tripulaciones para el arranque de operaciones de la aerol\u00ednea.<\/p>\n\n\n\n<p>Desde hace varios d\u00edas, el directivo de Interjet se dio a la tarea de contactar a algunos trabajadores de la aerol\u00ednea para ofrecerles retomar sus labores.<\/p>\n\n\n\n<p>Del Valle se\u00f1ala que busc\u00f3 a tripulaciones, fuera de cualquier tema oficial, para poder realizar algunos vuelos de certificaci\u00f3n del Airbus A320.<\/p>\n\n\n\n<p>De acuerdo a fuentes cercanas a Del Valle, lo que busca el directivo son colaboradores y gente que lo respalde para seguir usando el membrete de Interjet para abrirse camino en el mundo de los negocios y la pol\u00edtica.<\/p>\n\n\n\n<p>El directivo apunt\u00f3 que esta b\u00fasqueda la ha hecho sin tratar de interferir en la huelga de los trabajadores a los que todav\u00eda adeudan sus sueldos y prestaciones y con el proceso de aprobaci\u00f3n del concurso mercantil, debido a los problemas financieros que tienen.<\/p>\n\n\n\n<p>Cabe destacar que a\u00fan sigue parado el tema de los pagos, sin embargo ante estas acciones, pedir\u00e1n al sindicato darle celeridad al proceso.<\/p>\n\n\n\n<p>Recordemos que de acuerdo a los planes de los directivos de que la aerol\u00ednea vuelva a alzar el vuelo, su director general, Luis Federico Bertrand, inform\u00f3 que la aerol\u00ednea planeaba regresar a volar con un plantilla laboral 87 por ciento m\u00e1s chica, como dijo <em>REPORTUR.mx<\/em>.<\/p>\n","protected":false},"excerpt":{"rendered":"<p>Carlos del Valle, director ejecutivo de Interjet asegura que mantiene ya 5 tripulaciones para el arranque de operaciones de la aerol\u00ednea. Desde hace varios d\u00edas, el directivo de Interjet se dio a la tarea de contactar a algunos trabajadores de la aerol\u00ednea para ofrecerles retomar sus labores. Del Valle se\u00f1ala que busc\u00f3 a tripulaciones, fuera [&hellip;]<\/p>\n","protected":false},"author":1,"featured_media":46287,"comment_status":"closed","ping_status":"open","sticky":false,"template":"","format":"standard","meta":{"rop_custom_images_group":[],"rop_custom_messages_group":[],"rop_publish_now":"initial","rop_publish_now_accounts":[],"rop_publish_now_history":[],"rop_publish_now_status":"pending","footnotes":""},"categories":[61,66],"tags":[],"class_list":["post-46286","post","type-post","status-publish","format-standard","has-post-thumbnail","hentry","category-economia","category-estilo-de-vida"],"_links":{"self":[{"href":"https:\/\/notiissa.mx\/index.php?rest_route=\/wp\/v2\/posts\/46286","targetHints":{"allow":["GET"]}}],"collection":[{"href":"https:\/\/notiissa.mx\/index.php?rest_route=\/wp\/v2\/posts"}],"about":[{"href":"https:\/\/notiissa.mx\/index.php?rest_route=\/wp\/v2\/types\/post"}],"author":[{"embeddable":true,"href":"https:\/\/notiissa.mx\/index.php?rest_route=\/wp\/v2\/users\/1"}],"replies":[{"embeddable":true,"href":"https:\/\/notiissa.mx\/index.php?rest_route=%2Fwp%2Fv2%2Fcomments&post=46286"}],"version-history":[{"count":1,"href":"https:\/\/notiissa.mx\/index.php?rest_route=\/wp\/v2\/posts\/46286\/revisions"}],"predecessor-version":[{"id":46288,"href":"https:\/\/notiissa.mx\/index.php?rest_route=\/wp\/v2\/posts\/46286\/revisions\/46288"}],"wp:featuredmedia":[{"embeddable":true,"href":"https:\/\/notiissa.mx\/index.php?rest_route=\/wp\/v2\/media\/46287"}],"wp:attachment":[{"href":"https:\/\/notiissa.mx\/index.php?rest_route=%2Fwp%2Fv2%2Fmedia&parent=46286"}],"wp:term":[{"taxonomy":"category","embeddable":true,"href":"https:\/\/notiissa.mx\/index.php?rest_route=%2Fwp%2Fv2%2Fcategories&post=46286"},{"taxonomy":"post_tag","embeddable":true,"href":"https:\/\/notiissa.mx\/index.php?rest_route=%2Fwp%2Fv2%2Ftags&post=46286"}],"curies":[{"name":"wp","href":"https:\/\/api.w.org\/{rel}","templated":true}]}}