{"id":46231,"date":"2022-03-06T20:05:03","date_gmt":"2022-03-06T20:05:03","guid":{"rendered":"https:\/\/notiissa.mx\/?p=46231"},"modified":"2022-03-06T20:05:04","modified_gmt":"2022-03-06T20:05:04","slug":"viaja-amlo-a-qroo-por-tren-maya-obra-no-supervisada-no-sirve","status":"publish","type":"post","link":"https:\/\/notiissa.mx\/?p=46231","title":{"rendered":"Viaja AMLO a QRoo por Tren Maya: \u00abObra no supervisada no sirve\u00bb"},"content":{"rendered":"\n<p>El presidente de M\u00e9xico, Andr\u00e9s Manuel L\u00f3pez Obrador (AMLO), se desplazar\u00e1 a Quintana Roo este fin de semana para supervisar la construcci\u00f3n del Tren Maya.<\/p>\n\n\n\n<p>Su visita contempla una gira por el sureste del pa\u00eds a entidades por donde pasan los tramos del Tren Maya como Quintana Roo, Tabasco, Campeche, Chiapas y Yucat\u00e1n.<\/p>\n\n\n\n<p>Posteriormente, el mandatario volver\u00e1 a la Ciudad de M\u00e9xico el domingo por la tarde, recoge Quintanaroo oy.Esta es la primera visita de AMLO a las obras del Tren Maya este a\u00f1o.<\/p>\n\n\n\n<p>Cabe recordar que a finales del a\u00f1o pasado, L\u00f3pez Obrador visit\u00f3 la zona explicando a los medios sus avances y la compra de los terrenos, como dijo <em>REPORTUR.mx<\/em><\/p>\n","protected":false},"excerpt":{"rendered":"<p>El presidente de M\u00e9xico, Andr\u00e9s Manuel L\u00f3pez Obrador (AMLO), se desplazar\u00e1 a Quintana Roo este fin de semana para supervisar la construcci\u00f3n del Tren Maya. Su visita contempla una gira por el sureste del pa\u00eds a entidades por donde pasan los tramos del Tren Maya como Quintana Roo, Tabasco, Campeche, Chiapas y Yucat\u00e1n. Posteriormente, el [&hellip;]<\/p>\n","protected":false},"author":1,"featured_media":46232,"comment_status":"closed","ping_status":"open","sticky":false,"template":"","format":"standard","meta":{"rop_custom_images_group":[],"rop_custom_messages_group":[],"rop_publish_now":"initial","rop_publish_now_accounts":[],"rop_publish_now_history":[],"rop_publish_now_status":"pending","footnotes":""},"categories":[61,66],"tags":[],"class_list":["post-46231","post","type-post","status-publish","format-standard","has-post-thumbnail","hentry","category-economia","category-estilo-de-vida"],"_links":{"self":[{"href":"https:\/\/notiissa.mx\/index.php?rest_route=\/wp\/v2\/posts\/46231","targetHints":{"allow":["GET"]}}],"collection":[{"href":"https:\/\/notiissa.mx\/index.php?rest_route=\/wp\/v2\/posts"}],"about":[{"href":"https:\/\/notiissa.mx\/index.php?rest_route=\/wp\/v2\/types\/post"}],"author":[{"embeddable":true,"href":"https:\/\/notiissa.mx\/index.php?rest_route=\/wp\/v2\/users\/1"}],"replies":[{"embeddable":true,"href":"https:\/\/notiissa.mx\/index.php?rest_route=%2Fwp%2Fv2%2Fcomments&post=46231"}],"version-history":[{"count":1,"href":"https:\/\/notiissa.mx\/index.php?rest_route=\/wp\/v2\/posts\/46231\/revisions"}],"predecessor-version":[{"id":46233,"href":"https:\/\/notiissa.mx\/index.php?rest_route=\/wp\/v2\/posts\/46231\/revisions\/46233"}],"wp:featuredmedia":[{"embeddable":true,"href":"https:\/\/notiissa.mx\/index.php?rest_route=\/wp\/v2\/media\/46232"}],"wp:attachment":[{"href":"https:\/\/notiissa.mx\/index.php?rest_route=%2Fwp%2Fv2%2Fmedia&parent=46231"}],"wp:term":[{"taxonomy":"category","embeddable":true,"href":"https:\/\/notiissa.mx\/index.php?rest_route=%2Fwp%2Fv2%2Fcategories&post=46231"},{"taxonomy":"post_tag","embeddable":true,"href":"https:\/\/notiissa.mx\/index.php?rest_route=%2Fwp%2Fv2%2Ftags&post=46231"}],"curies":[{"name":"wp","href":"https:\/\/api.w.org\/{rel}","templated":true}]}}