{"id":46228,"date":"2022-03-06T19:59:31","date_gmt":"2022-03-06T19:59:31","guid":{"rendered":"https:\/\/notiissa.mx\/?p=46228"},"modified":"2022-03-06T19:59:34","modified_gmt":"2022-03-06T19:59:34","slug":"feria-turistica-cubana-en-mayo-se-mantiene-dedicada-a-rusia","status":"publish","type":"post","link":"https:\/\/notiissa.mx\/?p=46228","title":{"rendered":"Feria tur\u00edstica cubana en mayo se mantiene dedicada a Rusia"},"content":{"rendered":"\n<p>Feria Internacional del Turismo de Cuba, FITCuba 2022, que se llevar\u00e1 a cabo del 3 al 7 de mayo, sigue dedicada a Rusia como el pa\u00eds invitado. Cuba se mantiene firme pues el objetivo de la Isla es incentivar al turista ruso para que visite la Isla.<\/p>\n\n\n\n<p>Desde 2019 se decidi\u00f3 tener a Rusia como protagonista de la feria pero con la pandemia del Covid-19, la edici\u00f3n n\u00famero 40 se cancel\u00f3 en 2020 y 2021. Pese a que el r\u00e9gimen cubano ha apoyado a Rusia en sus acciones b\u00e9licas contra Ucrania, las aerol\u00edneas rusas, Aeroflot y Azur Air, cancelaron los vuelos a Cuba as\u00ed como a otros pa\u00edses.<\/p>\n\n\n\n<p>Esta ser\u00eda solo una suspensi\u00f3n que durar\u00eda el mes de marzo pero todo depender\u00eda de la evoluci\u00f3n del conflicto entre Ucrania y Rusia. As\u00ed mismo, la feria de turismo de Rusia, MITT Mosc\u00fa sigue adelante y se celebrar\u00e1 en dos semanas, del 15 al 17 de marzo aunque algunas empresas europeas han declinado su asistencia.<\/p>\n\n\n\n<p>Como dijo <em>REPORTUR.mx,<\/em> luego de dos d\u00edas de cancelaciones de vuelos, este mi\u00e9rcoles Aeroflot retom\u00f3 operaciones, y el jueves sali\u00f3 un vuelo de Canc\u00fan a Mosc\u00fa, a las 4:05 de la tarde. El itinerario marca que desde este 5 de marzo Aeroflot seguir\u00e1 operando a M\u00e9xico desde Mosc\u00fa. (Programan vuelos entre Canc\u00fan y Mosc\u00fa para repatriar turistas).<\/p>\n\n\n\n<p>Mientras tanto, pa\u00edses como Estados Unidos, anunci\u00f3 que su pa\u00eds cerrar\u00eda el espacio a\u00e9reo a los aviones rusos como una sanci\u00f3n por los ataques a Ucrania. \u00abNos unimos a nuestros aliados para cerrar el espacio a\u00e9reo estadounidense a todos los vuelos rusos\u00bb, dijo en su momento Joe Biden, presidente de USA en su primer discurso de Estado de la Uni\u00f3n ante el Congreso.<\/p>\n","protected":false},"excerpt":{"rendered":"<p>Feria Internacional del Turismo de Cuba, FITCuba 2022, que se llevar\u00e1 a cabo del 3 al 7 de mayo, sigue dedicada a Rusia como el pa\u00eds invitado. Cuba se mantiene firme pues el objetivo de la Isla es incentivar al turista ruso para que visite la Isla. Desde 2019 se decidi\u00f3 tener a Rusia como [&hellip;]<\/p>\n","protected":false},"author":1,"featured_media":46229,"comment_status":"closed","ping_status":"open","sticky":false,"template":"","format":"standard","meta":{"rop_custom_images_group":[],"rop_custom_messages_group":[],"rop_publish_now":"initial","rop_publish_now_accounts":[],"rop_publish_now_history":[],"rop_publish_now_status":"pending","footnotes":""},"categories":[75,66],"tags":[23],"class_list":["post-46228","post","type-post","status-publish","format-standard","has-post-thumbnail","hentry","category-actualidad","category-estilo-de-vida","tag-destacado"],"_links":{"self":[{"href":"https:\/\/notiissa.mx\/index.php?rest_route=\/wp\/v2\/posts\/46228","targetHints":{"allow":["GET"]}}],"collection":[{"href":"https:\/\/notiissa.mx\/index.php?rest_route=\/wp\/v2\/posts"}],"about":[{"href":"https:\/\/notiissa.mx\/index.php?rest_route=\/wp\/v2\/types\/post"}],"author":[{"embeddable":true,"href":"https:\/\/notiissa.mx\/index.php?rest_route=\/wp\/v2\/users\/1"}],"replies":[{"embeddable":true,"href":"https:\/\/notiissa.mx\/index.php?rest_route=%2Fwp%2Fv2%2Fcomments&post=46228"}],"version-history":[{"count":1,"href":"https:\/\/notiissa.mx\/index.php?rest_route=\/wp\/v2\/posts\/46228\/revisions"}],"predecessor-version":[{"id":46230,"href":"https:\/\/notiissa.mx\/index.php?rest_route=\/wp\/v2\/posts\/46228\/revisions\/46230"}],"wp:featuredmedia":[{"embeddable":true,"href":"https:\/\/notiissa.mx\/index.php?rest_route=\/wp\/v2\/media\/46229"}],"wp:attachment":[{"href":"https:\/\/notiissa.mx\/index.php?rest_route=%2Fwp%2Fv2%2Fmedia&parent=46228"}],"wp:term":[{"taxonomy":"category","embeddable":true,"href":"https:\/\/notiissa.mx\/index.php?rest_route=%2Fwp%2Fv2%2Fcategories&post=46228"},{"taxonomy":"post_tag","embeddable":true,"href":"https:\/\/notiissa.mx\/index.php?rest_route=%2Fwp%2Fv2%2Ftags&post=46228"}],"curies":[{"name":"wp","href":"https:\/\/api.w.org\/{rel}","templated":true}]}}