{"id":46121,"date":"2022-03-01T20:02:58","date_gmt":"2022-03-01T20:02:58","guid":{"rendered":"https:\/\/notiissa.mx\/?p=46121"},"modified":"2022-03-01T20:02:59","modified_gmt":"2022-03-01T20:02:59","slug":"da-inicio-congreso-a-su-segundo-periodo-ordinario","status":"publish","type":"post","link":"https:\/\/notiissa.mx\/?p=46121","title":{"rendered":"Da inicio Congreso a su Segundo Periodo Ordinario"},"content":{"rendered":"\n<p>Chihuahua.- En Sesi\u00f3n Solemne del Congreso del Estado, se dio inicio a los trabajos del Segundo Periodo Ordinario de la Sexag\u00e9sima S\u00e9ptima Legislatura dentro del Primer A\u00f1o de Ejercicio Constitucional.<\/p>\n\n\n\n<p>En el acto Solemne estuvieron presentes el Secretario General de Gobierno, C\u00e9sar J\u00e1uregui Moreno, en representaci\u00f3n de la Gobernadora del Estado, Mar\u00eda Eugenia Campos Galv\u00e1n, as\u00ed como la Magistrada Myriam Hern\u00e1ndez Acosta, presidenta del Tribunal Superior de Justicia del Estado.<\/p>\n\n\n\n<p>Cabe recordar que el periodo que inicia este primero de marzo, habr\u00e1 de concluir a m\u00e1s tardar el 31 de mayo del a\u00f1o en curso.<\/p>\n\n\n\n<p>Posterior a la lectura del Decreto, la Presidenta del Congreso, diputada Georgina Bujanda R\u00edos, cit\u00f3 a sus compa\u00f1eras y compa\u00f1eros diputados a la sesi\u00f3n ordinaria del jueves 3 de marzo a las 10 horas, la cual se realizar\u00e1 de manera h\u00edbrida, es decir presencial o por acceso remoto o virtual en el Recinto Oficial del Poder Legislativo.<\/p>\n","protected":false},"excerpt":{"rendered":"<p>Chihuahua.- En Sesi\u00f3n Solemne del Congreso del Estado, se dio inicio a los trabajos del Segundo Periodo Ordinario de la Sexag\u00e9sima S\u00e9ptima Legislatura dentro del Primer A\u00f1o de Ejercicio Constitucional. En el acto Solemne estuvieron presentes el Secretario General de Gobierno, C\u00e9sar J\u00e1uregui Moreno, en representaci\u00f3n de la Gobernadora del Estado, Mar\u00eda Eugenia Campos Galv\u00e1n, [&hellip;]<\/p>\n","protected":false},"author":1,"featured_media":46122,"comment_status":"closed","ping_status":"open","sticky":false,"template":"","format":"standard","meta":{"rop_custom_images_group":[],"rop_custom_messages_group":[],"rop_publish_now":"initial","rop_publish_now_accounts":[],"rop_publish_now_history":[],"rop_publish_now_status":"pending","footnotes":""},"categories":[67,72],"tags":[],"class_list":["post-46121","post","type-post","status-publish","format-standard","has-post-thumbnail","hentry","category-ciudad","category-estado"],"_links":{"self":[{"href":"https:\/\/notiissa.mx\/index.php?rest_route=\/wp\/v2\/posts\/46121","targetHints":{"allow":["GET"]}}],"collection":[{"href":"https:\/\/notiissa.mx\/index.php?rest_route=\/wp\/v2\/posts"}],"about":[{"href":"https:\/\/notiissa.mx\/index.php?rest_route=\/wp\/v2\/types\/post"}],"author":[{"embeddable":true,"href":"https:\/\/notiissa.mx\/index.php?rest_route=\/wp\/v2\/users\/1"}],"replies":[{"embeddable":true,"href":"https:\/\/notiissa.mx\/index.php?rest_route=%2Fwp%2Fv2%2Fcomments&post=46121"}],"version-history":[{"count":1,"href":"https:\/\/notiissa.mx\/index.php?rest_route=\/wp\/v2\/posts\/46121\/revisions"}],"predecessor-version":[{"id":46123,"href":"https:\/\/notiissa.mx\/index.php?rest_route=\/wp\/v2\/posts\/46121\/revisions\/46123"}],"wp:featuredmedia":[{"embeddable":true,"href":"https:\/\/notiissa.mx\/index.php?rest_route=\/wp\/v2\/media\/46122"}],"wp:attachment":[{"href":"https:\/\/notiissa.mx\/index.php?rest_route=%2Fwp%2Fv2%2Fmedia&parent=46121"}],"wp:term":[{"taxonomy":"category","embeddable":true,"href":"https:\/\/notiissa.mx\/index.php?rest_route=%2Fwp%2Fv2%2Fcategories&post=46121"},{"taxonomy":"post_tag","embeddable":true,"href":"https:\/\/notiissa.mx\/index.php?rest_route=%2Fwp%2Fv2%2Ftags&post=46121"}],"curies":[{"name":"wp","href":"https:\/\/api.w.org\/{rel}","templated":true}]}}