{"id":4611,"date":"2015-08-16T21:00:22","date_gmt":"2015-08-16T21:00:22","guid":{"rendered":"http:\/\/notiissa.mx\/?p=4611"},"modified":"2015-08-16T21:00:22","modified_gmt":"2015-08-16T21:00:22","slug":"augusto-gomez-presentara-sus-memorias-en-la-cnc","status":"publish","type":"post","link":"https:\/\/notiissa.mx\/?p=4611","title":{"rendered":"Augusto G\u00f3mez presentar\u00e1 sus memorias en la CNC"},"content":{"rendered":"<p id=\"yui_3_16_0_1_1439756864776_26555\" class=\"yiv4457676510MsoListParagraphCxSpFirst\"><span id=\"yui_3_16_0_1_1439756864776_26554\">\u201cEl Campo que yo Conoc\u00ed. La Tierra, los hombres, la pol\u00edtica\u201d, comprende la lucha contra el \u201clatifundio financiero\u201d.<\/span><\/p>\n<p id=\"yui_3_16_0_1_1439756864776_26557\" class=\"yiv4457676510MsoListParagraphCxSpLast\"><span id=\"yui_3_16_0_1_1439756864776_26556\">M\u00e1s de 9 mil delegados cenecistas de todo el pa\u00eds analizar\u00e1n problem\u00e1tica para avanzar en la Reforma Profunda al Campo<\/span><\/p>\n<hr \/>\n<p class=\"yiv4457676510MsoListParagraphCxSpLast\">\n<p id=\"yui_3_16_0_1_1439756864776_26559\" class=\"yiv4457676510MsoNormal\" style=\"text-align: justify;\"><span id=\"yui_3_16_0_1_1439756864776_26558\">\u201cEl campo que yo conoc\u00ed. La tierra, los hombres, la pol\u00edtica\u201d. Son las \u201cMemorias\u201d de Augusto G\u00f3mez Villanueva que el propio autor va a presentar en el 77 congreso extraordinario de la Confederaci\u00f3n Nacional Campesina en Durango, donde se reunir\u00e1n l\u00edderes cenecistas de todo el pa\u00eds, legisladores y funcionarios para analizar la problem\u00e1tica de la sociedad rural y aportar soluciones para continuar con la Reforma Profunda al Campo, el sector que m\u00e1s ha crecido durante el actual gobierno.<\/span><\/p>\n<p id=\"yui_3_16_0_1_1439756864776_26561\" class=\"yiv4457676510MsoNormal\" style=\"text-align: justify;\"><span id=\"yui_3_16_0_1_1439756864776_26560\">El anuncio fue hecho por el senador de Nayarit Manuel Cota Jim\u00e9nez, presidente de la CNC, quien destac\u00f3 que al evento asistir\u00e1n alrededor de 9 mil delegados cenecistas de toda la Rep\u00fablica, gobernadores y secretarios de Estado, que en la tierra de Francisco Villa abrir\u00e1n un espacio de debate donde el principal ingrediente ser\u00e1 el foro en las mesas de trabajo para construir y formular la visi\u00f3n de la CNC en temas estructurales y coyunturales, \u00a0como el Presupuesto Base Cero 2016 y la Reforma Profunda al Campo.<\/span><\/p>\n<p id=\"yui_3_16_0_1_1439756864776_26563\" class=\"yiv4457676510MsoNormal\" style=\"text-align: justify;\"><span id=\"yui_3_16_0_1_1439756864776_26562\">Primer secretario de la Reforma Agraria en M\u00e9xico y antes titular del Departamento de Asuntos Agrarios y Colonizaci\u00f3n, Augusto G\u00f3mez Villanueva, nativo de Aguascalientes, adelant\u00f3 que a trav\u00e9s de sus \u201cMemorias\u201d se pretende aportar nuevos elementos de juicio que contribuyan al examen sereno de los acontecimientos en el campo mexicano. <\/span><\/p>\n<p id=\"yui_3_16_0_1_1439756864776_26585\" class=\"yiv4457676510MsoNormal\" style=\"text-align: justify;\"><span id=\"yui_3_16_0_1_1439756864776_26584\">\u201cSu contenido lo he escrito a lo largo de muchos a\u00f1os, en los claroscuros de una vida en la que altern\u00e9 la actividad pol\u00edtica y la diplomacia, a veces en la soledad, en Roma o Nicaragua\u201d, cuenta, a sus 86 a\u00f1os de edad, quien asumi\u00f3 el liderazgo de la CNC en 1966 para enfrentar al \u201clatifundismo financiero\u201d:<\/span><\/p>\n<p id=\"yui_3_16_0_1_1439756864776_26577\" class=\"yiv4457676510MsoNormal\" style=\"text-align: justify;\"><span id=\"yui_3_16_0_1_1439756864776_26576\">\u201cFamilias enteras que a trav\u00e9s del acaparamiento ilegal de la propiedad rural, el agua, el cr\u00e9dito y el comercio, configuraron nuevas formas de concentraci\u00f3n de dicha propiedad, organizando verdaderos emporios agr\u00edcolas que sumaron tierra y poder econ\u00f3mico, calificados por los campesinos como fraccionamientos simulados\u201d. <\/span><\/p>\n<p id=\"yui_3_16_0_1_1439756864776_26565\" class=\"yiv4457676510MsoNormal\" style=\"text-align: justify;\"><span id=\"yui_3_16_0_1_1439756864776_26564\">Para entender la batalla sexenal que libraron los campesinos y el presidente, contra la red tan amplia y profunda de los intereses a los hab\u00eda que enfrentarse, debe tenerse presente que en 1970, el latifundio simulado era ya una ofensiva forma de gran propiedad, levadura de violencia y de enjuiciamiento de la obra social de la Revoluci\u00f3n, puesta en duda por sus m\u00e1s ac\u00e9rrimos cr\u00edticos como por sus defensores. <\/span><\/p>\n<p id=\"yui_3_16_0_1_1439756864776_26567\" class=\"yiv4457676510MsoNormal\" style=\"text-align: justify;\"><span id=\"yui_3_16_0_1_1439756864776_26566\">Enfrentar el \u201clatifundio financiero\u201d requer\u00eda, adem\u00e1s de \u201cdecisi\u00f3n y valor, toda una estrategia para evitar la suma de fuerzas y recursos que actuaban como el gran muro de contenci\u00f3n a la demanda de los campesinos. Sin embargo, es justo reconocer la excepci\u00f3n, ya que tambi\u00e9n en el camino encontramos a muchos propietarios que demostraron tener una conciencia social\u201d, explica Augusto G\u00f3mez Villanueva, quien en su momento conoci\u00f3 las quejas e indignaci\u00f3n\u00a0 de los hombres del campo de M\u00e9xico, que durante una o varias generaciones lucharon por un pedazo de tierra, en m\u00faltiples casos durante siglos, como lo hicieron los n\u00facleos ind\u00edgenas, en su lucha ancestral por lograr el reconocimiento a sus derechos hist\u00f3ricos. <\/span><\/p>\n<p id=\"yui_3_16_0_1_1439756864776_26569\" class=\"yiv4457676510MsoNormal\" style=\"text-align: justify;\"><span id=\"yui_3_16_0_1_1439756864776_26568\">En las 900 p\u00e1ginas que integran sus \u201cMemorias\u201d, el l\u00edder campesino da cuenta de las decisiones pol\u00edticas que llevaron a la destrucci\u00f3n de latifundios del norte del pa\u00eds, en Coahuila; el noroeste, en Sonora y el problema de la salinidad en el Valle de Mexicali. La polarizaci\u00f3n de antiguos problemas agrarios se dio en el sexenio del presidente Luis Echeverr\u00eda \u00c1lvarez con la afectaci\u00f3n de viejos latifundios como Bosques de Chihuahua, de 250 mil hect\u00e1reas, los extranjeros de Mayers y Whitehead y Nivens en la huasteca potosina; 650 mil en la selva Lacandona.<\/span><\/p>\n<p id=\"yui_3_16_0_1_1439756864776_26571\" class=\"yiv4457676510MsoNormal\" style=\"text-align: justify;\"><span id=\"yui_3_16_0_1_1439756864776_26570\">Tambi\u00e9n le toc\u00f3 la pol\u00edtica de restituci\u00f3n y confirmaci\u00f3n de 4 millones de hect\u00e1reas a favor de los grupos ind\u00edgenas del pa\u00eds; la organizaci\u00f3n de ejidos colectivos, empresas ejidales y p\u00fabicas descentralizadas, como Bah\u00eda de Banderas y Nuevo Vallarta, en Nayarit; Puerto Vallarta en Jalisco; Cumbres de Llano Largo en Acapulco, Guerrero; la promoci\u00f3n y apoyo a empresas forestales ejidales o comunales en Durango, Chihuahua, Oaxaca, Chiapas, Jalisco. Toda \u201cesta vasta misi\u00f3n constituy\u00f3 un reto para todo un equipo de colaboradores surgidos de la CNC, cuya experiencia fue fruto de un trabajo apasionante y sostenido que nos impuls\u00f3 a convertirnos en los actores principales de la reactivaci\u00f3n de la Reforma Agraria, 60 a\u00f1os despu\u00e9s de iniciado el reparto\u201d.\u00a0 <\/span><\/p>\n<p id=\"yui_3_16_0_1_1439756864776_26575\" style=\"text-align: justify;\"><span id=\"yui_3_16_0_1_1439756864776_26574\">En el 77 congreso nacional extraordinario de la CNC del 25 al 28 de agosto en Durango, habr\u00e1 m\u00f3dulos de atenci\u00f3n a la demanda campesina atendidos por funcionarios de alto nivel de Sagarpa, Financiera Rural, Conagua, todos relacionados con temas sensibles que ayuden para que el cenecismo de pa\u00eds tenga la oportunidad de una respuesta r\u00e1pida y contundente. Asimismo, exposici\u00f3n de productores del pa\u00eds; maquinaria agr\u00edcola, capacitaci\u00f3n; concurso nacional de oratoria y canto; el tradicional \u201cLa Flor m\u00e1s Bella del Campo\u201d.<\/span><\/p>\n","protected":false},"excerpt":{"rendered":"<p>\u201cEl Campo que yo Conoc\u00ed. La Tierra, los hombres, la pol\u00edtica\u201d, comprende la lucha contra el \u201clatifundio financiero\u201d. M\u00e1s de 9 mil delegados cenecistas de todo el pa\u00eds analizar\u00e1n problem\u00e1tica para avanzar en la Reforma Profunda al Campo \u201cEl campo que yo conoc\u00ed. La tierra, los hombres, la pol\u00edtica\u201d. Son las \u201cMemorias\u201d de Augusto G\u00f3mez [&hellip;]<\/p>\n","protected":false},"author":1,"featured_media":4612,"comment_status":"open","ping_status":"open","sticky":false,"template":"","format":"standard","meta":{"rop_custom_images_group":[],"rop_custom_messages_group":[],"rop_publish_now":"initial","rop_publish_now_accounts":[],"rop_publish_now_history":[],"rop_publish_now_status":"pending","footnotes":""},"categories":[60],"tags":[],"class_list":["post-4611","post","type-post","status-publish","format-standard","has-post-thumbnail","hentry","category-sonnoticia"],"_links":{"self":[{"href":"https:\/\/notiissa.mx\/index.php?rest_route=\/wp\/v2\/posts\/4611","targetHints":{"allow":["GET"]}}],"collection":[{"href":"https:\/\/notiissa.mx\/index.php?rest_route=\/wp\/v2\/posts"}],"about":[{"href":"https:\/\/notiissa.mx\/index.php?rest_route=\/wp\/v2\/types\/post"}],"author":[{"embeddable":true,"href":"https:\/\/notiissa.mx\/index.php?rest_route=\/wp\/v2\/users\/1"}],"replies":[{"embeddable":true,"href":"https:\/\/notiissa.mx\/index.php?rest_route=%2Fwp%2Fv2%2Fcomments&post=4611"}],"version-history":[{"count":1,"href":"https:\/\/notiissa.mx\/index.php?rest_route=\/wp\/v2\/posts\/4611\/revisions"}],"predecessor-version":[{"id":4613,"href":"https:\/\/notiissa.mx\/index.php?rest_route=\/wp\/v2\/posts\/4611\/revisions\/4613"}],"wp:featuredmedia":[{"embeddable":true,"href":"https:\/\/notiissa.mx\/index.php?rest_route=\/wp\/v2\/media\/4612"}],"wp:attachment":[{"href":"https:\/\/notiissa.mx\/index.php?rest_route=%2Fwp%2Fv2%2Fmedia&parent=4611"}],"wp:term":[{"taxonomy":"category","embeddable":true,"href":"https:\/\/notiissa.mx\/index.php?rest_route=%2Fwp%2Fv2%2Fcategories&post=4611"},{"taxonomy":"post_tag","embeddable":true,"href":"https:\/\/notiissa.mx\/index.php?rest_route=%2Fwp%2Fv2%2Ftags&post=4611"}],"curies":[{"name":"wp","href":"https:\/\/api.w.org\/{rel}","templated":true}]}}