{"id":46017,"date":"2022-02-25T15:44:27","date_gmt":"2022-02-25T15:44:27","guid":{"rendered":"https:\/\/notiissa.mx\/?p=46017"},"modified":"2022-02-25T15:44:28","modified_gmt":"2022-02-25T15:44:28","slug":"azafatas-de-ultra-air-cambian-tacones-por-tenis","status":"publish","type":"post","link":"https:\/\/notiissa.mx\/?p=46017","title":{"rendered":"Azafatas de Ultra Air cambian tacones por tenis"},"content":{"rendered":"\n<p>Las azafatas de Ultra Air cambian tacones por tenis blancos que hacen parte del uniforme naranja y gris de la compa\u00f1\u00eda. Con esto, la compa\u00f1\u00eda busca la comodidad y seguridad para su tripulaci\u00f3n durante los vuelos.<\/p>\n\n\n\n<p>Durante el vuelo inaugural de la aerol\u00ednea se pudo observar a las azafatas luciendo el nuevo estilo de uniformes, imponiendo una nueva tendencia. Ultra Air iniciar\u00e1 con nueve rutas nacionales y siete destinos y en un a\u00f1o comenzar\u00e1 a operar las rutas internacionales.<\/p>\n\n\n\n<p>\u201cLa expectativa de todo el equipo Ultra Air es cubrir las necesidades de nuestros clientes, por ellos y para ellos fuimos creados. Sabemos que existen muchas necesidades y queremos cumplirle a todos los que nos escogen para volar. Estamos muy contentos por ofrecer esta experiencia de buen servicio y aventura positiva. Tenemos un crecimiento muy claro, planeado y ya comenzamos a ejecutarlo\u00bb, dijo Mar\u00eda Cristina Garz\u00f3n, directora de operaciones de la aerol\u00ednea.<\/p>\n\n\n\n<p>Por su parte, Mar\u00eda Claudia Gede\u00f3n, gerente de Asuntos Corporativos de SACSA, manifest\u00f3 que, \u201cestamos muy contentos por la llegada de Ultra Air. Esperamos que todas sus rutas sean un \u00e9xito y que sigan creciendo en su oferta hacia nuestra ciudad\u201d, indic\u00f3 Mar\u00eda Claudia, en representaci\u00f3n de la empresa administradora del Aeropuerto Rafael N\u00fa\u00f1ez.<\/p>\n\n\n\n<p>Las rutas que operar\u00e1 la aerol\u00ednea ser\u00e1n operadas con dos aeronaves Airbus A-320 CEO, ser\u00e1n: \u00a0Bogot\u00e1 \u2013 Medell\u00edn \u2013 Bogot\u00e1, Bogot\u00e1 \u2013 Cali \u2013 Bogot\u00e1, Bogot\u00e1 \u2013 Cartagena \u2013 Bogot\u00e1, Bogot\u00e1 \u2013 Santa Marta \u2013 Bogot\u00e1, Bogot\u00e1 \u2013 San Andr\u00e9s \u2013 Bogot\u00e1, Medell\u00edn \u2013 Cartagena \u2013 Medell\u00edn, Medell\u00edn \u2013 Santa Marta \u2013 Medell\u00edn, Santa Marta \u2013 Pereira \u2013 Santa Marta, Cartagena \u2013 Pereira \u2013 Cartagena, as\u00ed lo recoge Portafolio.<\/p>\n\n\n\n<p>Como dijo <em>REPORTUR.co<\/em>, Wiiliam Shaw, CEO de la nueva aerol\u00ednea colombiana, dijo en su momento que las tres mayores dificultades del sector aeron\u00e1utico son principalmente la topograf\u00eda, el clima y adem\u00e1s se est\u00e1 corto en infraestructura de aviaci\u00f3n, por lo que considera que la aviaci\u00f3n en Colombia no es f\u00e1cil.<\/p>\n","protected":false},"excerpt":{"rendered":"<p>Las azafatas de Ultra Air cambian tacones por tenis blancos que hacen parte del uniforme naranja y gris de la compa\u00f1\u00eda. Con esto, la compa\u00f1\u00eda busca la comodidad y seguridad para su tripulaci\u00f3n durante los vuelos. Durante el vuelo inaugural de la aerol\u00ednea se pudo observar a las azafatas luciendo el nuevo estilo de uniformes, [&hellip;]<\/p>\n","protected":false},"author":1,"featured_media":46018,"comment_status":"closed","ping_status":"open","sticky":false,"template":"","format":"standard","meta":{"rop_custom_images_group":[],"rop_custom_messages_group":[],"rop_publish_now":"initial","rop_publish_now_accounts":[],"rop_publish_now_history":[],"rop_publish_now_status":"pending","footnotes":""},"categories":[66],"tags":[],"class_list":["post-46017","post","type-post","status-publish","format-standard","has-post-thumbnail","hentry","category-estilo-de-vida"],"_links":{"self":[{"href":"https:\/\/notiissa.mx\/index.php?rest_route=\/wp\/v2\/posts\/46017","targetHints":{"allow":["GET"]}}],"collection":[{"href":"https:\/\/notiissa.mx\/index.php?rest_route=\/wp\/v2\/posts"}],"about":[{"href":"https:\/\/notiissa.mx\/index.php?rest_route=\/wp\/v2\/types\/post"}],"author":[{"embeddable":true,"href":"https:\/\/notiissa.mx\/index.php?rest_route=\/wp\/v2\/users\/1"}],"replies":[{"embeddable":true,"href":"https:\/\/notiissa.mx\/index.php?rest_route=%2Fwp%2Fv2%2Fcomments&post=46017"}],"version-history":[{"count":1,"href":"https:\/\/notiissa.mx\/index.php?rest_route=\/wp\/v2\/posts\/46017\/revisions"}],"predecessor-version":[{"id":46019,"href":"https:\/\/notiissa.mx\/index.php?rest_route=\/wp\/v2\/posts\/46017\/revisions\/46019"}],"wp:featuredmedia":[{"embeddable":true,"href":"https:\/\/notiissa.mx\/index.php?rest_route=\/wp\/v2\/media\/46018"}],"wp:attachment":[{"href":"https:\/\/notiissa.mx\/index.php?rest_route=%2Fwp%2Fv2%2Fmedia&parent=46017"}],"wp:term":[{"taxonomy":"category","embeddable":true,"href":"https:\/\/notiissa.mx\/index.php?rest_route=%2Fwp%2Fv2%2Fcategories&post=46017"},{"taxonomy":"post_tag","embeddable":true,"href":"https:\/\/notiissa.mx\/index.php?rest_route=%2Fwp%2Fv2%2Ftags&post=46017"}],"curies":[{"name":"wp","href":"https:\/\/api.w.org\/{rel}","templated":true}]}}