{"id":45962,"date":"2022-02-21T21:31:31","date_gmt":"2022-02-21T21:31:31","guid":{"rendered":"https:\/\/notiissa.mx\/?p=45962"},"modified":"2022-02-21T21:31:33","modified_gmt":"2022-02-21T21:31:33","slug":"asegura-bill-gates-que-se-avecina-otra-pandemia","status":"publish","type":"post","link":"https:\/\/notiissa.mx\/?p=45962","title":{"rendered":"Asegura Bill Gates que se avecina otra pandemia"},"content":{"rendered":"\n<p>Y cree que la causar\u00e1 un pat\u00f3geno diferente del coronavirus.<\/p>\n\n\n\n<p>Aunque estima que la gravedad de la emergencia sanitaria se ha reducido con la \u00faltima variante, el magnate lamenta que sea tarde para alcanzar el objetivo de la OMS de vacunar al 70 % de la poblaci\u00f3n mundial para mediados de a\u00f1o.<\/p>\n\n\n\n<p>El empresario y fil\u00e1ntropo estadounidense Bill Gates cree que se avecina otra pandemia, y advierte que la podr\u00eda causar\u00a0un pat\u00f3geno diferente al de la familia del coronavirus, seg\u00fan lo expres\u00f3 en la Conferencia de Seguridad de M\u00fanich (Alemania), informa CNBC.<\/p>\n\n\n\n<p>\u00abTendremos otra pandemia. Ser\u00e1 un pat\u00f3geno diferente la pr\u00f3xima vez\u00bb, explic\u00f3 Gates durante una conversaci\u00f3n con la periodista del canal Hadley Gamble, si bien detall\u00f3 que los avances en tecnolog\u00eda m\u00e9dica y la inversi\u00f3n deber\u00edan ayudar al mundo a afrontarla convenientemente.<\/p>\n\n\n\n<h3 class=\"wp-block-heading\" id=\"demasiado-tarde\"><strong>\u00abDemasiado tarde\u00bb<\/strong><\/h3>\n\n\n\n<p>El director ejecutivo de Microsoft Corporation estima que, despu\u00e9s de dos a\u00f1os de pandemia de covid-19, los peores efectos ya han pasado, a medida que gran parte de la poblaci\u00f3n mundial ha ganado cierto nivel de inmunidad.<\/p>\n\n\n\n<p>En este sentido, considera que si la gravedad de la emergencia sanitaria ha disminuido, ha sido gracias a la propagaci\u00f3n de la variante \u00f3micron, ya que crea un <strong>nivel de inmunidad<\/strong>, que \u2014asegura\u2014 \u00abha hecho un mejor trabajo para ayudar a la poblaci\u00f3n que las vacunas\u00bb.<\/p>\n\n\n\n<p>\u00abLa posibilidad de una enfermedad grave, que se asocia principalmente con la edad avanzada y la obesidad o la diabetes, esos riesgos ahora se reducen dr\u00e1sticamente debido a la exposici\u00f3n a la infecci\u00f3n\u00bb, se\u00f1al\u00f3 el empresario, si bien lament\u00f3 que sea \u00abdemasiado tarde\u00bb para alcanzar el objetivo de la Organizaci\u00f3n Mundial de la Salud (OMS) de vacunar al 70 % de la poblaci\u00f3n mundial para mediados de este a\u00f1o.<\/p>\n\n\n\n<h3 class=\"wp-block-heading\" id=\"que-propone\"><strong>\u00bfQu\u00e9 propone?<\/strong><\/h3>\n\n\n\n<p>Gates piensa que el mundo deber\u00eda darse prisa a la hora de desarrollar y distribuir vacunas, por lo que inst\u00f3 a los gobiernos de todo el mundo a invertir dinero. En su opini\u00f3n, esto ser\u00eda posible gracias las \u00abplataformas estandarizadas\u00bb, incluidas la tecnolog\u00eda de ARN mensajero.<\/p>\n\n\n\n<p>\u00abEl costo de estar preparado para la pr\u00f3xima pandemia no es tan grande\u00bb, subray\u00f3. \u00abNo es como el cambio clim\u00e1tico. Si somos racionales, s\u00ed, la pr\u00f3xima vez <strong>lo detectaremos temprano<\/strong>\u00ab, a\u00f1adi\u00f3 el fil\u00e1ntropo estadounidense.<\/p>\n\n\n\n<p>A trav\u00e9s de su Fundaci\u00f3n Bill y Melinda Gates, el\u00a0magnate se asoci\u00f3 con la organizaci\u00f3n ben\u00e9fica de investigaci\u00f3n biom\u00e9dica brit\u00e1nica Wellcome Trust, para donar 300 millones de d\u00f3lares a la Coalici\u00f3n para las Innovaciones en Preparaci\u00f3n para Epidemias, que ayud\u00f3 a formar el programa Fondo de Acceso Global para Vacunas Covid-19 (COVAX, por sus siglas en ingl\u00e9s).<\/p>\n\n\n\n<p>RT<\/p>\n\n\n\n<p><\/p>\n","protected":false},"excerpt":{"rendered":"<p>Y cree que la causar\u00e1 un pat\u00f3geno diferente del coronavirus. Aunque estima que la gravedad de la emergencia sanitaria se ha reducido con la \u00faltima variante, el magnate lamenta que sea tarde para alcanzar el objetivo de la OMS de vacunar al 70 % de la poblaci\u00f3n mundial para mediados de a\u00f1o. El empresario y [&hellip;]<\/p>\n","protected":false},"author":1,"featured_media":45963,"comment_status":"closed","ping_status":"open","sticky":false,"template":"","format":"standard","meta":{"rop_custom_images_group":[],"rop_custom_messages_group":[],"rop_publish_now":"initial","rop_publish_now_accounts":[],"rop_publish_now_history":[],"rop_publish_now_status":"pending","footnotes":""},"categories":[75,71],"tags":[23],"class_list":["post-45962","post","type-post","status-publish","format-standard","has-post-thumbnail","hentry","category-actualidad","category-salud","tag-destacado"],"_links":{"self":[{"href":"https:\/\/notiissa.mx\/index.php?rest_route=\/wp\/v2\/posts\/45962","targetHints":{"allow":["GET"]}}],"collection":[{"href":"https:\/\/notiissa.mx\/index.php?rest_route=\/wp\/v2\/posts"}],"about":[{"href":"https:\/\/notiissa.mx\/index.php?rest_route=\/wp\/v2\/types\/post"}],"author":[{"embeddable":true,"href":"https:\/\/notiissa.mx\/index.php?rest_route=\/wp\/v2\/users\/1"}],"replies":[{"embeddable":true,"href":"https:\/\/notiissa.mx\/index.php?rest_route=%2Fwp%2Fv2%2Fcomments&post=45962"}],"version-history":[{"count":1,"href":"https:\/\/notiissa.mx\/index.php?rest_route=\/wp\/v2\/posts\/45962\/revisions"}],"predecessor-version":[{"id":45964,"href":"https:\/\/notiissa.mx\/index.php?rest_route=\/wp\/v2\/posts\/45962\/revisions\/45964"}],"wp:featuredmedia":[{"embeddable":true,"href":"https:\/\/notiissa.mx\/index.php?rest_route=\/wp\/v2\/media\/45963"}],"wp:attachment":[{"href":"https:\/\/notiissa.mx\/index.php?rest_route=%2Fwp%2Fv2%2Fmedia&parent=45962"}],"wp:term":[{"taxonomy":"category","embeddable":true,"href":"https:\/\/notiissa.mx\/index.php?rest_route=%2Fwp%2Fv2%2Fcategories&post=45962"},{"taxonomy":"post_tag","embeddable":true,"href":"https:\/\/notiissa.mx\/index.php?rest_route=%2Fwp%2Fv2%2Ftags&post=45962"}],"curies":[{"name":"wp","href":"https:\/\/api.w.org\/{rel}","templated":true}]}}