{"id":45940,"date":"2022-02-21T00:28:25","date_gmt":"2022-02-21T00:28:25","guid":{"rendered":"https:\/\/notiissa.mx\/?p=45940"},"modified":"2022-02-21T00:29:55","modified_gmt":"2022-02-21T00:29:55","slug":"anuncian-francia-y-rusia-reunion-para-definir-un-nuevo-orden-de-paz-en-europa","status":"publish","type":"post","link":"https:\/\/notiissa.mx\/?p=45940","title":{"rendered":"Anuncian Francia y Rusia reuni\u00f3n para definir \u00abun nuevo orden de paz\u00bb en Europa"},"content":{"rendered":"\n<p>Una reuni\u00f3n de este tipo contar\u00eda con la participaci\u00f3n de los representantes de los pa\u00edses europeos y sus aliados, as\u00ed como de Rusia y Ucrania.<\/p>\n\n\n\n<p>Tras mantener una conversaci\u00f3n telef\u00f3nica este domingo, el presidente de Francia, Emmanuel Macron, y su hom\u00f3logo ruso, Vlad\u00edmir Putin, anunciaron&nbsp;que se est\u00e1 preparando una reuni\u00f3n \u00abal m\u00e1s alto nivel\u00bb con el objetivo de \u00abdefinir un nuevo orden de paz y de seguridad en Europa\u00bb,&nbsp;inform\u00f3 el Palacio del El\u00edseo.<\/p>\n\n\n\n<p>Se informa que una reuni\u00f3n de estas caracter\u00edsticas&nbsp;contar\u00eda \u2014\u00bbsi se dan las condiciones\u00bb\u2014 con la participaci\u00f3n de todas las partes interesadas, incluidos los&nbsp;representantes&nbsp;de los pa\u00edses europeos y sus aliados, as\u00ed como de Rusia y Ucrania.<\/p>\n\n\n\n<p>Al mismo tiempo, desde Par\u00eds subrayaron la necesidad de lograr una <strong>\u00absalida diplom\u00e1tica\u00bb<\/strong>&nbsp;a la creciente crisis en torno a Ucrania. \u00abLos dos jefes de Estado se comprometieron firmemente a realizar<strong> todas las acciones oportunas<\/strong> para evitar una escalada, mitigar el riesgo y mantener la paz\u00bb, reza el comunicado.<\/p>\n\n\n\n<p>En este contexto, los mandatarios acordaron tambi\u00e9n reanudar los trabajos en el marco del formato de Normand\u00eda, as\u00ed como celebrar una reuni\u00f3n del grupo de contacto trilateral entre los representantes de Rusia, Ucrania y la Organizaci\u00f3n para la Seguridad y la Cooperaci\u00f3n en Europa (OSCE) a fin de lograr un alto el fuego.<\/p>\n\n\n\n<p>Con este objetivo, tambi\u00e9n se celebrar\u00e1 en los pr\u00f3ximos d\u00edas una reuni\u00f3n entre el ministro de Asuntos Exteriores de Francia, Jean-Yves Le Drian, y su hom\u00f3logo ruso, Sergu\u00e9i Lavrov.<\/p>\n\n\n\n<p>Durante la conversaci\u00f3n, el presidente ruso volvi\u00f3 a subrayar que \u00abKiev solo&nbsp;<strong>finge el proceso de negociaciones<\/strong>, neg\u00e1ndose obstinadamente a implementar los acuerdos de Minsk y los acuerdos alcanzados en el formato de Normand\u00eda\u00bb. Al mismo tiempo, denunci\u00f3 la militarizaci\u00f3n del pa\u00eds vecino por parte de los pa\u00edses de la OTAN que, seg\u00fan el mandatario ruso, \u00abaniman a Kiev\u00bb a resolver la situaci\u00f3n en Donbass por v\u00eda militar.<\/p>\n\n\n\n<p>Las tensiones\u00a0en la regi\u00f3n de Donbass,\u00a0en el este de Ucrania, se\u00a0han intensificado dr\u00e1sticamente\u00a0en los \u00faltimos d\u00edas. Este viernes, los l\u00edderes de las autoproclamadas Rep\u00fablicas de Donetsk y Lugansk decretaron  la evacuaci\u00f3n masiva\u00a0de la poblaci\u00f3n civil hacia Rusia ante el temor a una posible ofensiva de Kiev.\u00a0Seg\u00fan el l\u00edder de Donetsk, Den\u00eds Pushilin, la situaci\u00f3n es cr\u00edtica y Kiev puede lanzar una ofensiva a gran escala contra Donbass en cualquier momento.<\/p>\n\n\n\n<p>Los observadores de la Organizaci\u00f3n para la Seguridad y la Cooperaci\u00f3n en Europa (OSCE) registraron este viernes en Donbass<strong>\u00a01.566 violaciones del alto el fuego<\/strong>, incluidas\u00a0<strong>1.413 explosiones<\/strong>.<\/p>\n\n\n\n<p>RT<\/p>\n\n\n\n<p><\/p>\n\n\n\n<p><\/p>\n\n\n\n<p><\/p>\n","protected":false},"excerpt":{"rendered":"<p>Una reuni\u00f3n de este tipo contar\u00eda con la participaci\u00f3n de los representantes de los pa\u00edses europeos y sus aliados, as\u00ed como de Rusia y Ucrania. Tras mantener una conversaci\u00f3n telef\u00f3nica este domingo, el presidente de Francia, Emmanuel Macron, y su hom\u00f3logo ruso, Vlad\u00edmir Putin, anunciaron&nbsp;que se est\u00e1 preparando una reuni\u00f3n \u00abal m\u00e1s alto nivel\u00bb con [&hellip;]<\/p>\n","protected":false},"author":1,"featured_media":45941,"comment_status":"closed","ping_status":"open","sticky":false,"template":"","format":"standard","meta":{"rop_custom_images_group":[],"rop_custom_messages_group":[],"rop_publish_now":"initial","rop_publish_now_accounts":[],"rop_publish_now_history":[],"rop_publish_now_status":"pending","footnotes":""},"categories":[75,77],"tags":[23],"class_list":["post-45940","post","type-post","status-publish","format-standard","has-post-thumbnail","hentry","category-actualidad","category-ni-lectoris","tag-destacado"],"_links":{"self":[{"href":"https:\/\/notiissa.mx\/index.php?rest_route=\/wp\/v2\/posts\/45940","targetHints":{"allow":["GET"]}}],"collection":[{"href":"https:\/\/notiissa.mx\/index.php?rest_route=\/wp\/v2\/posts"}],"about":[{"href":"https:\/\/notiissa.mx\/index.php?rest_route=\/wp\/v2\/types\/post"}],"author":[{"embeddable":true,"href":"https:\/\/notiissa.mx\/index.php?rest_route=\/wp\/v2\/users\/1"}],"replies":[{"embeddable":true,"href":"https:\/\/notiissa.mx\/index.php?rest_route=%2Fwp%2Fv2%2Fcomments&post=45940"}],"version-history":[{"count":2,"href":"https:\/\/notiissa.mx\/index.php?rest_route=\/wp\/v2\/posts\/45940\/revisions"}],"predecessor-version":[{"id":45943,"href":"https:\/\/notiissa.mx\/index.php?rest_route=\/wp\/v2\/posts\/45940\/revisions\/45943"}],"wp:featuredmedia":[{"embeddable":true,"href":"https:\/\/notiissa.mx\/index.php?rest_route=\/wp\/v2\/media\/45941"}],"wp:attachment":[{"href":"https:\/\/notiissa.mx\/index.php?rest_route=%2Fwp%2Fv2%2Fmedia&parent=45940"}],"wp:term":[{"taxonomy":"category","embeddable":true,"href":"https:\/\/notiissa.mx\/index.php?rest_route=%2Fwp%2Fv2%2Fcategories&post=45940"},{"taxonomy":"post_tag","embeddable":true,"href":"https:\/\/notiissa.mx\/index.php?rest_route=%2Fwp%2Fv2%2Ftags&post=45940"}],"curies":[{"name":"wp","href":"https:\/\/api.w.org\/{rel}","templated":true}]}}