{"id":45825,"date":"2022-02-15T20:56:23","date_gmt":"2022-02-15T20:56:23","guid":{"rendered":"https:\/\/notiissa.mx\/?p=45825"},"modified":"2022-02-15T20:56:24","modified_gmt":"2022-02-15T20:56:24","slug":"ordena-jfca-el-pago-de-54-mdd-a-mineros-de-cananea","status":"publish","type":"post","link":"https:\/\/notiissa.mx\/?p=45825","title":{"rendered":"ORDENA JFCA EL PAGO DE 54 MDD A MINEROS DE CANANEA"},"content":{"rendered":"\n<p><strong>DE NORTE A SUR<\/strong>.<\/p>\n\n\n\n<p>Por: <strong>Abigail A. Correa Cisneros<\/strong>.<\/p>\n\n\n\n<p>\u00b7En 1906 los trabajadores de entonces se levantaron en huelga por la violaci\u00f3n a sus derechos.<\/p>\n\n\n\n<p>\u00b7En 2010 la Suprema Corte de Justicia de la Naci\u00f3n fall\u00f3 a favor de la empresa.<\/p>\n\n\n\n<p>Los mineros de Cananea, que resisten desde hace 15 a\u00f1os contra las vejaciones del Grupo M\u00e9xico, finalmente podr\u00e1n acceder a los 54 millones de d\u00f3lares que se les debe por el extinto fideicomiso n\u00famero 10964564 (antes 9645).<\/p>\n\n\n\n<p>La Junta Federal de Conciliaci\u00f3n y Arbitraje (JFCA) orden\u00f3 a Napole\u00f3n G\u00f3mez Urrutia, secretario general del Sindicato Nacional de Trabajadores Mineros, Metal\u00fargicos, Sider\u00fargicos y Similares de la Rep\u00fablica Mexicana, pagar 54 millones de d\u00f3lares m\u00e1s intereses a los 226 trabajadores de la mina de Cananea beneficiarios de un fideicomiso creado en 2005.<\/p>\n\n\n\n<p>A punto de cumplirse tres lustros de una de las huelgas m\u00e1s largas en M\u00e9xico, la de los mineros de Cananea, se lleg\u00f3 a esta resoluci\u00f3n que hace justicia a las violaciones de derechos laborales acontecidas en 2007, cuando el Grupo M\u00e9xico, propiedad de Germ\u00e1n Larrea, decidi\u00f3 suprimir el contrato colectivo de trabajo con los mineros.<\/p>\n\n\n\n<p>Pareciera que el tiempo no pas\u00f3 por Cananea. La represi\u00f3n y discriminaci\u00f3n marca su historia. En 1906 los trabajadores de entonces se levantaron en huelga por la violaci\u00f3n a sus derechos y fueron reprimidos por el gobierno de Porfirio D\u00edaz. Estos hechos dieron paso a la Revoluci\u00f3n mexicana.<\/p>\n\n\n\n<p>Cien a\u00f1os despu\u00e9s, en 2007, los trabajadores de la mina volvieron a ser reprimidos, ahora por el gobierno de Felipe Calder\u00f3n en apoyo a Grupo M\u00e9xico. En 2010, la Suprema Corte de Justicia de la Naci\u00f3n fall\u00f3 a favor de la empresa, la mina fue tomada y se reprimi\u00f3 a los huelguistas. Desde entonces el pueblo de Cananea resiste en la pobreza extrema porque dicen, German Larrea, se empe\u00f1\u00f3 en acabar con cualquier descendiente de mineros de esa ciudad.<\/p>\n\n\n\n<p>Dicen que despu\u00e9s de que Grupo M\u00e9xico rompi\u00f3 la huelga y desaloj\u00f3 a los mineros recontrat\u00f3 a cualquiera, con el \u00fanico requisito de no ser de Cananea. Incluso las siguientes generaciones tuvieron que emigrar porque no hay trabajo para ellos al estar fichados por la empresa de Germ\u00e1n Larrea quien cada vez reduce m\u00e1s el sueldo a sus trabajadores.<\/p>\n\n\n\n<p>Seg\u00fan una investigaci\u00f3n de la periodista Andrea Becerril, de acuerdo con un estudio elaborado por el abogado del sindicato minero, \u00d3scar Alzaga, antes de la huelga un salario promedio en la mina era de 5 mil pesos semanales por ocho horas de trabajo. Actualmente es apenas de 2 mil 500 pesos y jornadas de 12 horas, gracias al contrato de protecci\u00f3n que la CTM de Sonora firm\u00f3 con Grupo M\u00e9xico.<\/p>\n\n\n\n<p>Apenas se puede comenzar a hablar de justicia, pero todav\u00eda falta mucho para que en Cananea se puedan recuperar los obreros de la mina. Hoy tambi\u00e9n se lucha por el acceso al agua que es arrebatada por la empresa de German Larrea.<\/p>\n\n\n\n<p><strong>DESDE EL CENTRO<\/strong><\/p>\n\n\n\n<p>El Gobierno de India anunci\u00f3 la entrega del premio Padma -a t\u00edtulo p\u00f3stumo- al cient\u00edfico mexicano de origen indio, Sanjaya Rajaram, quien fue destacado investigador del Centro Internacional de Mejoramiento de Ma\u00edz y Trigo (CIMMYT) y ganador del Premio Mundial de la Alimentaci\u00f3n 2014.<\/p>\n\n\n\n<p><a rel=\"noreferrer noopener\" href=\"mailto:abicorrea79@hotmail.com\" target=\"_blank\">abicorrea79@hotmail.com<\/a><\/p>\n\n\n\n<p><\/p>\n\n\n\n<p>Las declaraciones y opiniones expresadas en este art\u00edculo son de exclusiva investigaci\u00f3n y responsabilidad de su autor.<\/p>\n","protected":false},"excerpt":{"rendered":"<p>DE NORTE A SUR. Por: Abigail A. Correa Cisneros. \u00b7En 1906 los trabajadores de entonces se levantaron en huelga por la violaci\u00f3n a sus derechos. \u00b7En 2010 la Suprema Corte de Justicia de la Naci\u00f3n fall\u00f3 a favor de la empresa. Los mineros de Cananea, que resisten desde hace 15 a\u00f1os contra las vejaciones del [&hellip;]<\/p>\n","protected":false},"author":1,"featured_media":45826,"comment_status":"closed","ping_status":"open","sticky":false,"template":"","format":"standard","meta":{"rop_custom_images_group":[],"rop_custom_messages_group":[],"rop_publish_now":"initial","rop_publish_now_accounts":[],"rop_publish_now_history":[],"rop_publish_now_status":"pending","footnotes":""},"categories":[61,77],"tags":[],"class_list":["post-45825","post","type-post","status-publish","format-standard","has-post-thumbnail","hentry","category-economia","category-ni-lectoris"],"_links":{"self":[{"href":"https:\/\/notiissa.mx\/index.php?rest_route=\/wp\/v2\/posts\/45825","targetHints":{"allow":["GET"]}}],"collection":[{"href":"https:\/\/notiissa.mx\/index.php?rest_route=\/wp\/v2\/posts"}],"about":[{"href":"https:\/\/notiissa.mx\/index.php?rest_route=\/wp\/v2\/types\/post"}],"author":[{"embeddable":true,"href":"https:\/\/notiissa.mx\/index.php?rest_route=\/wp\/v2\/users\/1"}],"replies":[{"embeddable":true,"href":"https:\/\/notiissa.mx\/index.php?rest_route=%2Fwp%2Fv2%2Fcomments&post=45825"}],"version-history":[{"count":1,"href":"https:\/\/notiissa.mx\/index.php?rest_route=\/wp\/v2\/posts\/45825\/revisions"}],"predecessor-version":[{"id":45827,"href":"https:\/\/notiissa.mx\/index.php?rest_route=\/wp\/v2\/posts\/45825\/revisions\/45827"}],"wp:featuredmedia":[{"embeddable":true,"href":"https:\/\/notiissa.mx\/index.php?rest_route=\/wp\/v2\/media\/45826"}],"wp:attachment":[{"href":"https:\/\/notiissa.mx\/index.php?rest_route=%2Fwp%2Fv2%2Fmedia&parent=45825"}],"wp:term":[{"taxonomy":"category","embeddable":true,"href":"https:\/\/notiissa.mx\/index.php?rest_route=%2Fwp%2Fv2%2Fcategories&post=45825"},{"taxonomy":"post_tag","embeddable":true,"href":"https:\/\/notiissa.mx\/index.php?rest_route=%2Fwp%2Fv2%2Ftags&post=45825"}],"curies":[{"name":"wp","href":"https:\/\/api.w.org\/{rel}","templated":true}]}}