{"id":45778,"date":"2022-02-13T18:33:02","date_gmt":"2022-02-13T18:33:02","guid":{"rendered":"https:\/\/notiissa.mx\/?p=45778"},"modified":"2022-02-13T18:33:04","modified_gmt":"2022-02-13T18:33:04","slug":"alarma-en-mexico-por-menores-reservaciones-en-el-1t-que-hace-un-ano","status":"publish","type":"post","link":"https:\/\/notiissa.mx\/?p=45778","title":{"rendered":"Alarma en M\u00e9xico por menores reservaciones en el 1T que hace un a\u00f1o"},"content":{"rendered":"\n<p>Se enciende la alarma en M\u00e9xico por menores reservaciones en primer trimestre del a\u00f1o con respecto al mismo periodo de 2021, pues fue un a\u00f1o en el que se vislumbraba el inicio de la reactivaci\u00f3n del sector pero este ha venido sufriendo altibajos.<\/p>\n\n\n\n<p>Para Braulio Arsuaga, presidente del Consejo Nacional Empresarial Tur\u00edstico (CNET), &nbsp;\u201ceste primer trimestre del a\u00f1o podr\u00eda estar incluso por debajo del a\u00f1o pasado y a\u00fan lejos de los niveles previos a la pandemia\u201d, as\u00ed lo recoge El Financiero. Tambi\u00e9n se\u00f1al\u00f3 que, aunque se han presentado algunos aplazamientos de reservas programadas para este primer trimestre del a\u00f1o, no han tenido cancelaciones masivas.<\/p>\n\n\n\n<p>Por su parte, Iliana Alcaraz, directora general de la consultora tur\u00edstica Hess &amp; Co, considera que las constantes alarmas del gobierno Biden para que sus conciudadanos eviten viajar al pa\u00eds azteca, no contribuyen a la reactivaci\u00f3n de los destinos. \u201cLas alertas emitidas por los Centros para el Control y la Prevenci\u00f3n de Enfermedades de Estados Unidos (CDC), con el fin de desalentar viajes a M\u00e9xico por la alta incidencia de contagios, vuelve a ser un elemento desfavorable\u201d, dijo.<\/p>\n\n\n\n<p>As\u00ed mismo, Alejandro Calligaris, country m\u00e1nager de Despegar M\u00e9xico, indic\u00f3 la llegada de turistas a M\u00e9xico sufrir\u00e1 altibajos, no obstante para Calligaris diciembre marc\u00f3 un mes importante para consolidar el sector. \u201cDiciembre fue un mes muy importante en temas de la recuperaci\u00f3n de la industria tur\u00edstica, porque es una temporada con alta demanda de viajes a causa de las festividades\u201d, coment\u00f3 el directivo a El Financiero.<\/p>\n\n\n\n<p>Al M\u00e9xico durante 2021 ingresaron por v\u00eda a\u00e9rea 14 millones de viajeros extranjeros en avi\u00f3n, que representan el 82% del ingreso anual por turismo internacional, esto de acuerdo al Centro de Investigaci\u00f3n y Competitividad Tur\u00edstica (Cicotur). El mercado estadounidense abarc\u00f3 el 72.7% del total de turistas que arribaron al pa\u00eds.<\/p>\n\n\n\n<p>El ingreso de turistas durante el a\u00f1o pasado se mantuvo en 29% por debajo de los niveles de prepandemia, pero con una recuperaci\u00f3n 315% respecto a 2020. El Instituto Nacional de Estad\u00edstica y Geograf\u00eda (Inegi) inform\u00f3 la llegada de 31.8 millones de turistas extranjeros, una cifra que equivale a 29.2% menor a la reportada prepandemia.<\/p>\n\n\n\n<p>Como dijo <em>REPORTUR.us<\/em>, los Centros para el Control y Prevenci\u00f3n de Enfermedades de Estados Unidos (CDC) actualiz\u00f3 la alerta de viaje hacia M\u00e9xico a inicios de febrero advirtiendo: \u201cNo viajen a M\u00e9xico\u201d pues lo califican como un pa\u00eds de riesgo m\u00e1ximo ante el alto contagio por covid-19.<\/p>\n","protected":false},"excerpt":{"rendered":"<p>Se enciende la alarma en M\u00e9xico por menores reservaciones en primer trimestre del a\u00f1o con respecto al mismo periodo de 2021, pues fue un a\u00f1o en el que se vislumbraba el inicio de la reactivaci\u00f3n del sector pero este ha venido sufriendo altibajos. Para Braulio Arsuaga, presidente del Consejo Nacional Empresarial Tur\u00edstico (CNET), &nbsp;\u201ceste primer [&hellip;]<\/p>\n","protected":false},"author":1,"featured_media":45779,"comment_status":"closed","ping_status":"open","sticky":false,"template":"","format":"standard","meta":{"rop_custom_images_group":[],"rop_custom_messages_group":[],"rop_publish_now":"initial","rop_publish_now_accounts":[],"rop_publish_now_history":[],"rop_publish_now_status":"pending","footnotes":""},"categories":[75,61,66],"tags":[],"class_list":["post-45778","post","type-post","status-publish","format-standard","has-post-thumbnail","hentry","category-actualidad","category-economia","category-estilo-de-vida"],"_links":{"self":[{"href":"https:\/\/notiissa.mx\/index.php?rest_route=\/wp\/v2\/posts\/45778","targetHints":{"allow":["GET"]}}],"collection":[{"href":"https:\/\/notiissa.mx\/index.php?rest_route=\/wp\/v2\/posts"}],"about":[{"href":"https:\/\/notiissa.mx\/index.php?rest_route=\/wp\/v2\/types\/post"}],"author":[{"embeddable":true,"href":"https:\/\/notiissa.mx\/index.php?rest_route=\/wp\/v2\/users\/1"}],"replies":[{"embeddable":true,"href":"https:\/\/notiissa.mx\/index.php?rest_route=%2Fwp%2Fv2%2Fcomments&post=45778"}],"version-history":[{"count":1,"href":"https:\/\/notiissa.mx\/index.php?rest_route=\/wp\/v2\/posts\/45778\/revisions"}],"predecessor-version":[{"id":45780,"href":"https:\/\/notiissa.mx\/index.php?rest_route=\/wp\/v2\/posts\/45778\/revisions\/45780"}],"wp:featuredmedia":[{"embeddable":true,"href":"https:\/\/notiissa.mx\/index.php?rest_route=\/wp\/v2\/media\/45779"}],"wp:attachment":[{"href":"https:\/\/notiissa.mx\/index.php?rest_route=%2Fwp%2Fv2%2Fmedia&parent=45778"}],"wp:term":[{"taxonomy":"category","embeddable":true,"href":"https:\/\/notiissa.mx\/index.php?rest_route=%2Fwp%2Fv2%2Fcategories&post=45778"},{"taxonomy":"post_tag","embeddable":true,"href":"https:\/\/notiissa.mx\/index.php?rest_route=%2Fwp%2Fv2%2Ftags&post=45778"}],"curies":[{"name":"wp","href":"https:\/\/api.w.org\/{rel}","templated":true}]}}