{"id":45752,"date":"2022-02-11T19:36:49","date_gmt":"2022-02-11T19:36:49","guid":{"rendered":"https:\/\/notiissa.mx\/?p=45752"},"modified":"2022-02-11T19:36:50","modified_gmt":"2022-02-11T19:36:50","slug":"se-espera-temperatura-minima-de-4c-y-1c-para-este-fin-de-semana","status":"publish","type":"post","link":"https:\/\/notiissa.mx\/?p=45752","title":{"rendered":"Se espera temperatura m\u00ednima de 4\u00b0C y -1\u00b0C para este fin de semana"},"content":{"rendered":"\n<p>Ciudad de Chihuahua.- Este ser\u00e1 un fin de semana mayormente soleado en la ciudad, pero con noches y madrugadas fr\u00edas, seg\u00fan datos de la Coordinaci\u00f3n Municipal de Protecci\u00f3n Civil, de acuerdo al pron\u00f3stico que emite el Servicio Meteorol\u00f3gico Nacional de la Comisi\u00f3n Nacional del Agua (CONAGUA), por lo cual se exhorta a la poblaci\u00f3n a seguir las recomendaciones de la dependencia para evitar complicaciones de salud.<\/p>\n\n\n\n<p>La temperatura m\u00e1xima ser\u00e1 de 21\u00b0C para este viernes, siendo \u00e9ste el d\u00eda m\u00e1s caluroso; el s\u00e1bado la m\u00e1xima esperada ser\u00e1 de 14\u00b0C y la m\u00ednima de 4\u00b0C, y finalmente, el domingo el term\u00f3metro llegar\u00e1 a los 17\u00b0C y se pronostica un descenso a -1\u00b0C, respectivamente.<\/p>\n\n\n\n<p>La dependencia municipal exhort\u00f3 a los chihuahuenses a protegerse adecuadamente y realizar una exhaustiva revisi\u00f3n de los calefactores y sus instalaciones, para prevenir incidentes relacionados a incendios o intoxicaciones por mon\u00f3xido de carbono.<\/p>\n\n\n\n<p>Adem\u00e1s, el Gobierno Municipal ha dispuesto la apertura de los refugios temporales; el Centro Comunitario de Vistas Cerro Grande, en calle 76 1\/2 n\u00famero 8414-8401; el M\u00e1rmol lll, en calle Eusebio Castillo n\u00famero 8400, colonia M\u00e1rmol; as\u00ed como el Tricentenario, ubicado en lateral Dostoyevsky y Andazola n\u00famero 14702, en la colonia Chihuahua 2094.<\/p>\n","protected":false},"excerpt":{"rendered":"<p>Ciudad de Chihuahua.- Este ser\u00e1 un fin de semana mayormente soleado en la ciudad, pero con noches y madrugadas fr\u00edas, seg\u00fan datos de la Coordinaci\u00f3n Municipal de Protecci\u00f3n Civil, de acuerdo al pron\u00f3stico que emite el Servicio Meteorol\u00f3gico Nacional de la Comisi\u00f3n Nacional del Agua (CONAGUA), por lo cual se exhorta a la poblaci\u00f3n a [&hellip;]<\/p>\n","protected":false},"author":1,"featured_media":45753,"comment_status":"closed","ping_status":"open","sticky":false,"template":"","format":"standard","meta":{"rop_custom_images_group":[],"rop_custom_messages_group":[],"rop_publish_now":"initial","rop_publish_now_accounts":[],"rop_publish_now_history":[],"rop_publish_now_status":"pending","footnotes":""},"categories":[67],"tags":[],"class_list":["post-45752","post","type-post","status-publish","format-standard","has-post-thumbnail","hentry","category-ciudad"],"_links":{"self":[{"href":"https:\/\/notiissa.mx\/index.php?rest_route=\/wp\/v2\/posts\/45752","targetHints":{"allow":["GET"]}}],"collection":[{"href":"https:\/\/notiissa.mx\/index.php?rest_route=\/wp\/v2\/posts"}],"about":[{"href":"https:\/\/notiissa.mx\/index.php?rest_route=\/wp\/v2\/types\/post"}],"author":[{"embeddable":true,"href":"https:\/\/notiissa.mx\/index.php?rest_route=\/wp\/v2\/users\/1"}],"replies":[{"embeddable":true,"href":"https:\/\/notiissa.mx\/index.php?rest_route=%2Fwp%2Fv2%2Fcomments&post=45752"}],"version-history":[{"count":1,"href":"https:\/\/notiissa.mx\/index.php?rest_route=\/wp\/v2\/posts\/45752\/revisions"}],"predecessor-version":[{"id":45754,"href":"https:\/\/notiissa.mx\/index.php?rest_route=\/wp\/v2\/posts\/45752\/revisions\/45754"}],"wp:featuredmedia":[{"embeddable":true,"href":"https:\/\/notiissa.mx\/index.php?rest_route=\/wp\/v2\/media\/45753"}],"wp:attachment":[{"href":"https:\/\/notiissa.mx\/index.php?rest_route=%2Fwp%2Fv2%2Fmedia&parent=45752"}],"wp:term":[{"taxonomy":"category","embeddable":true,"href":"https:\/\/notiissa.mx\/index.php?rest_route=%2Fwp%2Fv2%2Fcategories&post=45752"},{"taxonomy":"post_tag","embeddable":true,"href":"https:\/\/notiissa.mx\/index.php?rest_route=%2Fwp%2Fv2%2Ftags&post=45752"}],"curies":[{"name":"wp","href":"https:\/\/api.w.org\/{rel}","templated":true}]}}