{"id":45745,"date":"2022-02-10T21:25:31","date_gmt":"2022-02-10T21:25:31","guid":{"rendered":"https:\/\/notiissa.mx\/?p=45745"},"modified":"2022-02-10T21:25:32","modified_gmt":"2022-02-10T21:25:32","slug":"se-reunen-estudiantes-de-enfermeria-con-el-rector","status":"publish","type":"post","link":"https:\/\/notiissa.mx\/?p=45745","title":{"rendered":"Se re\u00fanen estudiantes de enfermer\u00eda con el rector"},"content":{"rendered":"\n<p>Acuerdan di\u00e1logo directo, avance de documentaci\u00f3n oficial y acompa\u00f1amiento legal en convocatorias federales\u201cQueremos resolver este problema, de la manera en que sea satisfactoria para ustedes. <\/p>\n\n\n\n<p>Ciudad de Chihuahua.- Estos cursos que se ofrecen, fortalecen su capital acad\u00e9mico. Sabemos que han invertido dinero, tiempo y buscan oportunidades laborales. Nuestro compromiso es satisfacer lo que t\u00e9cnicamente y pol\u00edticamente debamos hacer para ustedes\u201d, expres\u00f3 el rector de la Universidad Aut\u00f3noma de Chihuahua,  Jes\u00fas Villalobos Ji\u00f3n, ante la manifestaci\u00f3n de 35 estudiantes en el edificio de Rector\u00eda.<\/p>\n\n\n\n<p>En reuni\u00f3n, el rector de la UACH inform\u00f3 que se iniciaron los di\u00e1logos con el Instituto Mexicano del Seguro Social, para revisar la normativa vigente, acerca de la Comisi\u00f3n Interinstitucional para la Formaci\u00f3n de Recursos Humanos en Materia de Salud para la emisi\u00f3n de la Opini\u00f3n T\u00e9cnico Acad\u00e9mica de los Planes y Estudios del tipo superior, la cual es aplicable s\u00f3lo a instituciones particulares y no aut\u00f3nomas.<\/p>\n\n\n\n<p>Asimismo, reiter\u00f3 la disposici\u00f3n del departamento Jur\u00eddico para brindar acompa\u00f1amiento legal a quienes forman parte del curso Post\u00e9cnico de Enfermer\u00eda, as\u00ed como la entrega de la documentaci\u00f3n oficial requerida por parte de la Direcci\u00f3n Acad\u00e9mica.<\/p>\n\n\n\n<p>Por su parte, la representante legal y enfermera,  Sara Isabel Ortiz Contreras dijo que son 200 los estudiantes de los municipios de Ju\u00e1rez, Chihuahua, Nuevo Casas Grandes y Parral quienes cursaron el Curso Post\u00e9cnico de la UACH, a los cuales no se les permiti\u00f3 inscribirse en las convocatorias de la categor\u00eda escalafonaria de la rama de enfermer\u00eda emitidas por el Instituto Mexicano del Seguro Social,<br>Entre los acuerdos de la reuni\u00f3n, se pidi\u00f3 la comunicaci\u00f3n directa por correo electr\u00f3nico a cada uno de los estudiantes del curso; brindar copias y certificar la documentaci\u00f3n y comunicaci\u00f3n entre las autoridades; el avance de la documentaci\u00f3n oficial y el acompa\u00f1amiento legal para el beneficio de las y los estudiantes del sector salud.<\/p>\n\n\n\n<p><br>En la reuni\u00f3n estuvieron presentes el Dr. Rafael Facio Guzm\u00e1n, secretario general de la UACH; el Mtro. H\u00e9rik Germ\u00e1n Valles Baca, director Acad\u00e9mico; el Dr. Mart\u00edn Eduardo S\u00edas Casas, director de la Facultad de Enfermer\u00eda y Nutriolog\u00eda; el Mtro. Gilberto Acosta Casta\u00f1eda, secretario Acad\u00e9mico de la Facultad de Enfermer\u00eda y Nutriolog\u00eda.<\/p>\n","protected":false},"excerpt":{"rendered":"<p>Acuerdan di\u00e1logo directo, avance de documentaci\u00f3n oficial y acompa\u00f1amiento legal en convocatorias federales\u201cQueremos resolver este problema, de la manera en que sea satisfactoria para ustedes. Ciudad de Chihuahua.- Estos cursos que se ofrecen, fortalecen su capital acad\u00e9mico. Sabemos que han invertido dinero, tiempo y buscan oportunidades laborales. Nuestro compromiso es satisfacer lo que t\u00e9cnicamente y [&hellip;]<\/p>\n","protected":false},"author":1,"featured_media":45746,"comment_status":"closed","ping_status":"open","sticky":false,"template":"","format":"standard","meta":{"rop_custom_images_group":[],"rop_custom_messages_group":[],"rop_publish_now":"initial","rop_publish_now_accounts":[],"rop_publish_now_history":[],"rop_publish_now_status":"pending","footnotes":""},"categories":[67,64,72],"tags":[],"class_list":["post-45745","post","type-post","status-publish","format-standard","has-post-thumbnail","hentry","category-ciudad","category-educacion","category-estado"],"_links":{"self":[{"href":"https:\/\/notiissa.mx\/index.php?rest_route=\/wp\/v2\/posts\/45745","targetHints":{"allow":["GET"]}}],"collection":[{"href":"https:\/\/notiissa.mx\/index.php?rest_route=\/wp\/v2\/posts"}],"about":[{"href":"https:\/\/notiissa.mx\/index.php?rest_route=\/wp\/v2\/types\/post"}],"author":[{"embeddable":true,"href":"https:\/\/notiissa.mx\/index.php?rest_route=\/wp\/v2\/users\/1"}],"replies":[{"embeddable":true,"href":"https:\/\/notiissa.mx\/index.php?rest_route=%2Fwp%2Fv2%2Fcomments&post=45745"}],"version-history":[{"count":1,"href":"https:\/\/notiissa.mx\/index.php?rest_route=\/wp\/v2\/posts\/45745\/revisions"}],"predecessor-version":[{"id":45747,"href":"https:\/\/notiissa.mx\/index.php?rest_route=\/wp\/v2\/posts\/45745\/revisions\/45747"}],"wp:featuredmedia":[{"embeddable":true,"href":"https:\/\/notiissa.mx\/index.php?rest_route=\/wp\/v2\/media\/45746"}],"wp:attachment":[{"href":"https:\/\/notiissa.mx\/index.php?rest_route=%2Fwp%2Fv2%2Fmedia&parent=45745"}],"wp:term":[{"taxonomy":"category","embeddable":true,"href":"https:\/\/notiissa.mx\/index.php?rest_route=%2Fwp%2Fv2%2Fcategories&post=45745"},{"taxonomy":"post_tag","embeddable":true,"href":"https:\/\/notiissa.mx\/index.php?rest_route=%2Fwp%2Fv2%2Ftags&post=45745"}],"curies":[{"name":"wp","href":"https:\/\/api.w.org\/{rel}","templated":true}]}}