{"id":45696,"date":"2022-02-08T20:38:57","date_gmt":"2022-02-08T20:38:57","guid":{"rendered":"https:\/\/notiissa.mx\/?p=45696"},"modified":"2022-02-08T20:38:59","modified_gmt":"2022-02-08T20:38:59","slug":"conoce-los-requisitos-de-la-beca-para-personas-con-discapacidad","status":"publish","type":"post","link":"https:\/\/notiissa.mx\/?p=45696","title":{"rendered":"Conoce los requisitos de la beca para personas con discapacidad"},"content":{"rendered":"\n<p><strong><em>&#8211; <\/em><\/strong><em>Del 14 al 25 de febrero se realizar\u00e1 el registro de los interesados<\/em>.<\/p>\n\n\n\n<p>Ciudad de Chihuahua.- Dan a conocer la convocatoria de becas para personas con discapacidad en su edici\u00f3n 2022, la cual brindar\u00e1 de un apoyo econ\u00f3mico a quienes lo necesiten.<\/p>\n\n\n\n<p>Se otorgar\u00e1 mayor inclusi\u00f3n a las personas que cuenten con alg\u00fan tipo de discapacidad; asimismo, se invita a la ciudadan\u00eda a que se registre desde el 14 al 25 de febrero, en un horario de 9 am a 3 pm, llevando la documentaci\u00f3n requerida a los siguientes puntos de acopio:<\/p>\n\n\n\n<ul class=\"wp-block-list\"><li>Centro Social Genaro V\u00e1squez.<\/li><li>Gimnasio del Deporte Adaptado.<\/li><li>Centro Comunitario Riberas del Sacramento.<\/li><li>Centro Comunitario Vistas Cerro Grande.<\/li><li>Comandancia de Polic\u00eda Municipal Sur.<\/li><li>Auditorio Municipal.<\/li><li>Centro Comunitario Cerro de la Cruz.<\/li><li>CEDEFAM Punta Oriente.<\/li><li>Centro Deportivo Tricentenario.<\/li><\/ul>\n\n\n\n<p>Seg\u00fan la primera letra del apellido de la o el solicitante, se le asignar\u00e1 un d\u00eda del 14 al 25 de febrero para llevar la documentaci\u00f3n correspondiente (A,B,C &#8211; lunes 14) (D,E,F &#8211; martes 15) (G,H,I &#8211; mi\u00e9rcoles 16) (J,K,L &#8211; jueves 17) (M &#8211; viernes 18) (N,\u00d1,O &#8211; lunes 21) (P,Q \u2013 martes 22) (R,S,T \u2013 mi\u00e9rcoles 23) (U,V,W \u2013 jueves 24) (X,Y,Z \u2013 viernes 25).<\/p>\n\n\n\n<p><strong><em>La documentaci\u00f3n requerida en \u201coriginal y copia\u201d para el registro de este beneficio es la siguiente:<\/em><\/strong><\/p>\n\n\n\n<p><strong>Para la o el solicitante:<\/strong><\/p>\n\n\n\n<p>&#8211; Clave \u00danica de Registro de Poblaci\u00f3n (CURP).<\/p>\n\n\n\n<p>&#8211; Identificaci\u00f3n oficial vigente: <strong>INE <\/strong>(con domicilio en el municipio de Chihuahua), pasaporte, cartilla militar, c\u00e9dula profesional, licencia de conducir (en caso de ser mayor de edad).<\/p>\n\n\n\n<p>&#8211; Credencial de discapacidad vigente expedida por CREE del DIF Estatal. En caso de no contar con ella, un m\u00e9dico presente en el lugar de registro validar\u00e1 el historial cl\u00ednico de la persona para acreditar la condici\u00f3n de discapacidad. No aplica a los siguientes padecimientos: C\u00e1ncer, Diabetes, Hipertensi\u00f3n Arterial y Enfermedades articulares por desgaste cr\u00f3nico \u2013 degenerativo y\/o metab\u00f3lico (se aceptar\u00e1n estos padecimientos si se comprueba que genere alguna discapacidad).<\/p>\n\n\n\n<p>&#8211; Comprobante de domicilio no mayor a tres meses (luz, agua o recibo del Predial 2022).<\/p>\n\n\n\n<p>&#8211; Estudio socio-econ\u00f3mico realizado por la Direcci\u00f3n de Desarrollo Humano y Educaci\u00f3n al momento de hacer el tr\u00e1mite de la beca.<\/p>\n\n\n\n<p>&#8211; Comprobante de estudios en caso de ser estudiante.<\/p>\n\n\n\n<p>&#8211; Para deportistas, es necesario presentar constancia de la instituci\u00f3n o asociaci\u00f3n en donde hace su actividad deportiva.<\/p>\n\n\n\n<p><strong>Para la o el tutor<\/strong>:<\/p>\n\n\n\n<p>&#8211; Identificaci\u00f3n oficial vigente: <strong>INE <\/strong>(IFE) (con domicilio en el municipio de Chihuahua), pasaporte, cartilla militar, c\u00e9dula profesional, licencia de conducir.<\/p>\n\n\n\n<p>&#8211; Clave \u00danica de Registro de Poblaci\u00f3n (CURP)<\/p>\n\n\n\n<p>&#8211; Acta de nacimiento, certificado o documento legal que acredite la relaci\u00f3n consangu\u00ednea o filial directa con el solicitante; ello en caso de que est\u00e9 actuando en representaci\u00f3n de un menor de edad y\/o familiar directo.<\/p>\n\n\n\n<p>&#8211; Carta Poder emitida por la o el solicitante debidamente llenada y firmada, o en caso de no poder, con su huella digital plasmada, donde faculte al tutor para realizar el proceso en su nombre. Adem\u00e1s, la carta deber\u00e1 poseer la firma de dos testigos, acompa\u00f1ada de la copia de su identificaci\u00f3n oficial vigente.<\/p>\n\n\n\n<p><em>El domingo 17 de abril se publicar\u00e1n los resultados de quienes tendr\u00e1n la beca<\/em><\/p>\n\n\n\n<p>La Direcci\u00f3n de Desarrollo Rural ser\u00e1 la encargada de ponerse en contacto con los comisarios y\/o presidentes seccionales para la difusi\u00f3n de la convocatoria para becas en sus respectivas zonas, auxiliando con la recepci\u00f3n de documentos a sobre cerrado seg\u00fan las mismas fechas (del 14 al 25 de febrero) y cumpliendo con los lineamientos que la misma convocatoria establece<\/p>\n\n\n\n<p>Para mayores informes se pueden comunicar al Departamento de Atenci\u00f3n a Grupos Vulnerables de la Direcci\u00f3n de Desarrollo Humano y Educaci\u00f3n, marcando al tel\u00e9fono 614-200-48-00 o al 072 en las extensiones 6519 y 6579; o acudir de manera presencial en calle Ojinaga n\u00famero 300, esquina con calle tercera, colonia Centro. Invitan a revisar la convocatoria en la p\u00e1gina de municipio: <a rel=\"noreferrer noopener\" target=\"_blank\" href=\"http:\/\/app.marketero.com\/prensampio\/Public\/TrackingUrl?a=14685.4&amp;k=c920ca6a&amp;e=285\">http:\/\/www.municipiochihuahua.gob.mx\/Convocatorias<\/a>.<\/p>\n\n\n\n<p><em>\u201cEste programa es p\u00fablico, ajeno a cualquier partido pol\u00edtico. Queda prohibido su uso para fines distintos a los establecidos en el programa\u201d.<\/em><\/p>\n","protected":false},"excerpt":{"rendered":"<p>&#8211; Del 14 al 25 de febrero se realizar\u00e1 el registro de los interesados. Ciudad de Chihuahua.- Dan a conocer la convocatoria de becas para personas con discapacidad en su edici\u00f3n 2022, la cual brindar\u00e1 de un apoyo econ\u00f3mico a quienes lo necesiten. Se otorgar\u00e1 mayor inclusi\u00f3n a las personas que cuenten con alg\u00fan tipo [&hellip;]<\/p>\n","protected":false},"author":1,"featured_media":45697,"comment_status":"closed","ping_status":"open","sticky":false,"template":"","format":"standard","meta":{"rop_custom_images_group":[],"rop_custom_messages_group":[],"rop_publish_now":"initial","rop_publish_now_accounts":[],"rop_publish_now_history":[],"rop_publish_now_status":"pending","footnotes":""},"categories":[67],"tags":[23],"class_list":["post-45696","post","type-post","status-publish","format-standard","has-post-thumbnail","hentry","category-ciudad","tag-destacado"],"_links":{"self":[{"href":"https:\/\/notiissa.mx\/index.php?rest_route=\/wp\/v2\/posts\/45696","targetHints":{"allow":["GET"]}}],"collection":[{"href":"https:\/\/notiissa.mx\/index.php?rest_route=\/wp\/v2\/posts"}],"about":[{"href":"https:\/\/notiissa.mx\/index.php?rest_route=\/wp\/v2\/types\/post"}],"author":[{"embeddable":true,"href":"https:\/\/notiissa.mx\/index.php?rest_route=\/wp\/v2\/users\/1"}],"replies":[{"embeddable":true,"href":"https:\/\/notiissa.mx\/index.php?rest_route=%2Fwp%2Fv2%2Fcomments&post=45696"}],"version-history":[{"count":1,"href":"https:\/\/notiissa.mx\/index.php?rest_route=\/wp\/v2\/posts\/45696\/revisions"}],"predecessor-version":[{"id":45698,"href":"https:\/\/notiissa.mx\/index.php?rest_route=\/wp\/v2\/posts\/45696\/revisions\/45698"}],"wp:featuredmedia":[{"embeddable":true,"href":"https:\/\/notiissa.mx\/index.php?rest_route=\/wp\/v2\/media\/45697"}],"wp:attachment":[{"href":"https:\/\/notiissa.mx\/index.php?rest_route=%2Fwp%2Fv2%2Fmedia&parent=45696"}],"wp:term":[{"taxonomy":"category","embeddable":true,"href":"https:\/\/notiissa.mx\/index.php?rest_route=%2Fwp%2Fv2%2Fcategories&post=45696"},{"taxonomy":"post_tag","embeddable":true,"href":"https:\/\/notiissa.mx\/index.php?rest_route=%2Fwp%2Fv2%2Ftags&post=45696"}],"curies":[{"name":"wp","href":"https:\/\/api.w.org\/{rel}","templated":true}]}}