{"id":45615,"date":"2022-02-06T20:38:08","date_gmt":"2022-02-06T20:38:08","guid":{"rendered":"https:\/\/notiissa.mx\/?p=45615"},"modified":"2022-02-07T02:22:04","modified_gmt":"2022-02-07T02:22:04","slug":"organizan-diplomado-en-manejo-de-dosel-en-vinedos","status":"publish","type":"post","link":"https:\/\/notiissa.mx\/?p=45615","title":{"rendered":"Organizan diplomado en \u201cManejo de Dosel en Vi\u00f1edos\u201d"},"content":{"rendered":"\n<p>\u2022 El curso se impartir\u00e1 en modalidad h\u00edbrida, entre los temas que abordar\u00e1n destacan formaci\u00f3n y producci\u00f3n, podas del vi\u00f1edo, diagn\u00f3stico de densidad y mediciones del campo.<\/p>\n\n\n\n<p>Ciudad de Chihuahua.- Ofrecen el diplomado \u201cManejo de Dosel en Vi\u00f1edos\u201d que ser\u00e1 impartido por el Dr. Alfonso Gardea, investigador  y miembro de la Academia Mexicana de Ciencias.<\/p>\n\n\n\n<p>El curso inicia a partir del 10 de febrero para concluir el pr\u00f3ximo 10 de junio, dirigido a socios del Consejo Mexicano Vitivin\u00edcola, profesores, investigadores, acad\u00e9micos, estudiantes de la Facultad y para el p\u00fablico en general. Al finalizar se har\u00e1 la entrega de un diploma con valor curricular.<\/p>\n\n\n\n<p>En atenci\u00f3n a los protocolos de prevenci\u00f3n y atenci\u00f3n del Covid-19, el equipo organizador se apoyar\u00e1 con las plataformas educativas y de comunicaci\u00f3n virtual, sin embargo, al concluir el diplomado, los asistentes ser\u00e1n llevados a los vi\u00f1edos de la Universidad para poner en pr\u00e1ctica lo visto durante las sesiones de teor\u00eda.<\/p>\n\n\n\n<p>El diplomado constar\u00e1 de una pl\u00e1tica inicial denominada \u201cIntroducci\u00f3n te\u00f3rica en l\u00ednea y pr\u00e1ctica de campo In Situ\u201d y cuatro m\u00f3dulos; el primero de ellos ser\u00e1 con el tema \u201cPoda del vi\u00f1edo. Formaci\u00f3n y producci\u00f3n\u201d; el segundo, \u201cPoda para recuperaci\u00f3n del vi\u00f1edo\u201d, tercero \u201cDiagnostico de densidad de dosel\u201d y por \u00faltimo \u201cManejo en verde y mediciones en campo\u201d.<\/p>\n\n\n\n<p>Este diplomado obedece a las tendencias de vocaci\u00f3n productiva que ha detectado la Universidad, contribuyendo a las iniciativas en materia de cultivos alternativos. Los cursos ser\u00e1n con cupo limitado, para mayores informes favor de comunicarse al tel\u00e9fono 614-2382000, ext. 3121.<\/p>\n","protected":false},"excerpt":{"rendered":"<p>\u2022 El curso se impartir\u00e1 en modalidad h\u00edbrida, entre los temas que abordar\u00e1n destacan formaci\u00f3n y producci\u00f3n, podas del vi\u00f1edo, diagn\u00f3stico de densidad y mediciones del campo. Ciudad de Chihuahua.- Ofrecen el diplomado \u201cManejo de Dosel en Vi\u00f1edos\u201d que ser\u00e1 impartido por el Dr. Alfonso Gardea, investigador y miembro de la Academia Mexicana de Ciencias. [&hellip;]<\/p>\n","protected":false},"author":1,"featured_media":45616,"comment_status":"closed","ping_status":"open","sticky":false,"template":"","format":"standard","meta":{"rop_custom_images_group":[],"rop_custom_messages_group":[],"rop_publish_now":"initial","rop_publish_now_accounts":[],"rop_publish_now_history":[],"rop_publish_now_status":"pending","footnotes":""},"categories":[67,61,64],"tags":[],"class_list":["post-45615","post","type-post","status-publish","format-standard","has-post-thumbnail","hentry","category-ciudad","category-economia","category-educacion"],"_links":{"self":[{"href":"https:\/\/notiissa.mx\/index.php?rest_route=\/wp\/v2\/posts\/45615","targetHints":{"allow":["GET"]}}],"collection":[{"href":"https:\/\/notiissa.mx\/index.php?rest_route=\/wp\/v2\/posts"}],"about":[{"href":"https:\/\/notiissa.mx\/index.php?rest_route=\/wp\/v2\/types\/post"}],"author":[{"embeddable":true,"href":"https:\/\/notiissa.mx\/index.php?rest_route=\/wp\/v2\/users\/1"}],"replies":[{"embeddable":true,"href":"https:\/\/notiissa.mx\/index.php?rest_route=%2Fwp%2Fv2%2Fcomments&post=45615"}],"version-history":[{"count":3,"href":"https:\/\/notiissa.mx\/index.php?rest_route=\/wp\/v2\/posts\/45615\/revisions"}],"predecessor-version":[{"id":45632,"href":"https:\/\/notiissa.mx\/index.php?rest_route=\/wp\/v2\/posts\/45615\/revisions\/45632"}],"wp:featuredmedia":[{"embeddable":true,"href":"https:\/\/notiissa.mx\/index.php?rest_route=\/wp\/v2\/media\/45616"}],"wp:attachment":[{"href":"https:\/\/notiissa.mx\/index.php?rest_route=%2Fwp%2Fv2%2Fmedia&parent=45615"}],"wp:term":[{"taxonomy":"category","embeddable":true,"href":"https:\/\/notiissa.mx\/index.php?rest_route=%2Fwp%2Fv2%2Fcategories&post=45615"},{"taxonomy":"post_tag","embeddable":true,"href":"https:\/\/notiissa.mx\/index.php?rest_route=%2Fwp%2Fv2%2Ftags&post=45615"}],"curies":[{"name":"wp","href":"https:\/\/api.w.org\/{rel}","templated":true}]}}