{"id":45559,"date":"2022-02-03T22:19:05","date_gmt":"2022-02-03T22:19:05","guid":{"rendered":"https:\/\/notiissa.mx\/?p=45559"},"modified":"2022-02-03T22:19:06","modified_gmt":"2022-02-03T22:19:06","slug":"w2fly-logra-en-cancun-una-ocupacion-media-del-90","status":"publish","type":"post","link":"https:\/\/notiissa.mx\/?p=45559","title":{"rendered":"W2Fly logra en Canc\u00fan una ocupaci\u00f3n media del 90%"},"content":{"rendered":"\n<p>World2Fly (W2Fly) reforzar\u00e1 sus conexiones desde Espa\u00f1a a Canc\u00fan e incorporar\u00e1 un nuevo vuelo al mismo destino desde Portugal. En concreto, la compa\u00f1\u00eda a\u00e9rea duplicar\u00e1 su frecuencia desde Madrid, pasando a 4 vuelos semanales, e incorporar\u00e1 ruta desde Lisboa, con un vuelo a la semana, seg\u00fan revel\u00f3 en una nota remitida a <em>REPORTUR.mx<\/em>.<\/p>\n\n\n\n<p>Fitur fue el marco escogido para comunicar esta apuesta por el destino estrella del sureste mexicano. All\u00ed, el director General del Consejo Promoci\u00f3n Tur\u00edstica de Quintana Roo (CPTQR), Dar\u00edo Flota Ocampo, coment\u00f3 que \u201cla consolidaci\u00f3n de esta aerol\u00ednea y el anuncio de la ampliaci\u00f3n de sus rutas a partir de abril en sus frecuencias de Madrid y su operaci\u00f3n desde Portugal son una buena noticia para el Caribe Mexicano, que nos ofrece mayor posibilidad de seguir recibiendo visitantes a lo largo de este a\u00f1o\u201d.<\/p>\n\n\n\n<p>Por su parte, Gabriel M. Sub\u00edas, CEO de W2M, reconoc\u00eda que \u201ca pesar de las circunstancias adversas de la pandemia, nuestra operativa con Canc\u00fan ha ofrecido muy buenos resultados. Y estamos convencidos de la atracci\u00f3n que despierta Quintana Roo entre los viajeros del mercado nacional y portugu\u00e9s. Este destino est\u00e1 llamado a ser la punta de lanza en la recuperaci\u00f3n del sector tur\u00edstico\u201d.<\/p>\n\n\n\n<p>Canc\u00fan fue, junto a La Habana y Punta Cana, los destinos con los que World2Fly inici\u00f3 su andadura durante el mes de junio del a\u00f1o pasado. El vuelo inaugural a Canc\u00fan despeg\u00f3 de Madrid el 21 de junio y el trayecto ha contado con una media de ocupaci\u00f3n del 90% hasta la fecha.<\/p>\n\n\n\n<p>Asimismo, W2M cuenta con oficina propia en Quintana Roo, con m\u00e1s de 50 profesionales, que le permiten ofrecer todos los servicios receptivos de hoteles, transporte, asistencia, tours, circuitos, grupos y cruceros a todos sus clientes.<\/p>\n\n\n\n<p>Como dato destacado, durante el pasado a\u00f1o 2021, World2Meet gestion\u00f3 a este destino m\u00e1s de 155.000 \u201croom nights\u201d y, adem\u00e1s, como DMC representa a turoperadores clave en los principales mercados europeos.&nbsp;Quintana Roo es uno de los destinos con m\u00e1s crecimiento y proyecci\u00f3n para la divisi\u00f3n de viajes del grupo Iberostar para 2022.<\/p>\n","protected":false},"excerpt":{"rendered":"<p>World2Fly (W2Fly) reforzar\u00e1 sus conexiones desde Espa\u00f1a a Canc\u00fan e incorporar\u00e1 un nuevo vuelo al mismo destino desde Portugal. En concreto, la compa\u00f1\u00eda a\u00e9rea duplicar\u00e1 su frecuencia desde Madrid, pasando a 4 vuelos semanales, e incorporar\u00e1 ruta desde Lisboa, con un vuelo a la semana, seg\u00fan revel\u00f3 en una nota remitida a REPORTUR.mx. Fitur fue [&hellip;]<\/p>\n","protected":false},"author":1,"featured_media":45560,"comment_status":"closed","ping_status":"open","sticky":false,"template":"","format":"standard","meta":{"rop_custom_images_group":[],"rop_custom_messages_group":[],"rop_publish_now":"initial","rop_publish_now_accounts":[],"rop_publish_now_history":[],"rop_publish_now_status":"pending","footnotes":""},"categories":[61,66],"tags":[23],"class_list":["post-45559","post","type-post","status-publish","format-standard","has-post-thumbnail","hentry","category-economia","category-estilo-de-vida","tag-destacado"],"_links":{"self":[{"href":"https:\/\/notiissa.mx\/index.php?rest_route=\/wp\/v2\/posts\/45559","targetHints":{"allow":["GET"]}}],"collection":[{"href":"https:\/\/notiissa.mx\/index.php?rest_route=\/wp\/v2\/posts"}],"about":[{"href":"https:\/\/notiissa.mx\/index.php?rest_route=\/wp\/v2\/types\/post"}],"author":[{"embeddable":true,"href":"https:\/\/notiissa.mx\/index.php?rest_route=\/wp\/v2\/users\/1"}],"replies":[{"embeddable":true,"href":"https:\/\/notiissa.mx\/index.php?rest_route=%2Fwp%2Fv2%2Fcomments&post=45559"}],"version-history":[{"count":1,"href":"https:\/\/notiissa.mx\/index.php?rest_route=\/wp\/v2\/posts\/45559\/revisions"}],"predecessor-version":[{"id":45561,"href":"https:\/\/notiissa.mx\/index.php?rest_route=\/wp\/v2\/posts\/45559\/revisions\/45561"}],"wp:featuredmedia":[{"embeddable":true,"href":"https:\/\/notiissa.mx\/index.php?rest_route=\/wp\/v2\/media\/45560"}],"wp:attachment":[{"href":"https:\/\/notiissa.mx\/index.php?rest_route=%2Fwp%2Fv2%2Fmedia&parent=45559"}],"wp:term":[{"taxonomy":"category","embeddable":true,"href":"https:\/\/notiissa.mx\/index.php?rest_route=%2Fwp%2Fv2%2Fcategories&post=45559"},{"taxonomy":"post_tag","embeddable":true,"href":"https:\/\/notiissa.mx\/index.php?rest_route=%2Fwp%2Fv2%2Ftags&post=45559"}],"curies":[{"name":"wp","href":"https:\/\/api.w.org\/{rel}","templated":true}]}}