{"id":4550,"date":"2015-08-14T03:16:35","date_gmt":"2015-08-14T03:16:35","guid":{"rendered":"http:\/\/notiissa.mx\/?p=4550"},"modified":"2015-08-14T03:16:35","modified_gmt":"2015-08-14T03:16:35","slug":"la-aerolinea-emirates-lanza-la-ruta-dubai-panama-el-vuelo-mas-largo-del-mundo","status":"publish","type":"post","link":"https:\/\/notiissa.mx\/?p=4550","title":{"rendered":"La aerol\u00ednea Emirates lanza la ruta Dub\u00e1i-Panam\u00e1, el vuelo m\u00e1s largo del mundo"},"content":{"rendered":"<div class=\"arcticle-summary\">\n<p style=\"text-align: justify;\">Emirates, la mayor aerol\u00ednea de Oriente Pr\u00f3ximo, lanzar\u00e1 el pr\u00f3ximo a\u00f1o el vuelo comercial sin escalas de m\u00e1s largo recorrido del mundo, entre Dub\u00e1i y Panam\u00e1, que cubritr\u00e1 una ruta de 13.808 kil\u00f3metros.<\/p>\n<\/div>\n<div class=\"arcticle-content\">\n<p style=\"text-align: justify;\">La aerol\u00ednea ha anunciado que el vuelo completar\u00e1 el vuelo en 17 horas y 35 minutos direcci\u00f3n oeste, informa <a href=\"http:\/\/ria.ru\/world\/20150813\/1182096022.html\" target=\"_blank\">RIA Novosti<\/a>. El viaje lo llevar\u00e1n a cabo aviones Boeing 777-200 LR.<\/p>\n<p style=\"text-align: justify;\">\u00abPanam\u00e1 ser\u00e1 nuestro primer destino en Am\u00e9rica Central y ofrecer\u00e1 una c\u00f3moda opci\u00f3n a los pasajeros que viajen a trav\u00e9s de nuestro centro mundial en Dub\u00e1i hacia Am\u00e9rica Central, el Caribe y el norte de Am\u00e9rica del Sur\u00bb, ha declarado Ahmed bin Saeed Al Maktum, director de la compa\u00f1\u00eda. La ruta empezar\u00e1 a cubrirse el\u00a0pr\u00f3ximo 1 de febrero.<\/p>\n<p style=\"text-align: justify;\">El a\u00f1o pasado la aerol\u00ednea Emirates recibi\u00f3 nuevos aviones de fuselaje ancho de todo el mundo. A su flota se han incorporado 27 aviones Airbus y Boeing, de un valor estimado en 5,2 millones de d\u00f3lares. A finales de a\u00f1o la aerol\u00ednea planea incorporar a su red de transporte cuatro rutas m\u00e1s: Mashhad (Ir\u00e1n), Orlando (EE.UU.), Bamako (Mal\u00ed) y Bolonia (Italia).<\/p>\n<\/div>\n","protected":false},"excerpt":{"rendered":"<p>Emirates, la mayor aerol\u00ednea de Oriente Pr\u00f3ximo, lanzar\u00e1 el pr\u00f3ximo a\u00f1o el vuelo comercial sin escalas de m\u00e1s largo recorrido del mundo, entre Dub\u00e1i y Panam\u00e1, que cubritr\u00e1 una ruta de 13.808 kil\u00f3metros. La aerol\u00ednea ha anunciado que el vuelo completar\u00e1 el vuelo en 17 horas y 35 minutos direcci\u00f3n oeste, informa RIA Novosti. El [&hellip;]<\/p>\n","protected":false},"author":1,"featured_media":4551,"comment_status":"open","ping_status":"open","sticky":false,"template":"","format":"standard","meta":{"rop_custom_images_group":[],"rop_custom_messages_group":[],"rop_publish_now":"initial","rop_publish_now_accounts":[],"rop_publish_now_history":[],"rop_publish_now_status":"pending","footnotes":""},"categories":[68],"tags":[],"class_list":["post-4550","post","type-post","status-publish","format-standard","has-post-thumbnail","hentry","category-ciencia-tec"],"_links":{"self":[{"href":"https:\/\/notiissa.mx\/index.php?rest_route=\/wp\/v2\/posts\/4550","targetHints":{"allow":["GET"]}}],"collection":[{"href":"https:\/\/notiissa.mx\/index.php?rest_route=\/wp\/v2\/posts"}],"about":[{"href":"https:\/\/notiissa.mx\/index.php?rest_route=\/wp\/v2\/types\/post"}],"author":[{"embeddable":true,"href":"https:\/\/notiissa.mx\/index.php?rest_route=\/wp\/v2\/users\/1"}],"replies":[{"embeddable":true,"href":"https:\/\/notiissa.mx\/index.php?rest_route=%2Fwp%2Fv2%2Fcomments&post=4550"}],"version-history":[{"count":1,"href":"https:\/\/notiissa.mx\/index.php?rest_route=\/wp\/v2\/posts\/4550\/revisions"}],"predecessor-version":[{"id":4552,"href":"https:\/\/notiissa.mx\/index.php?rest_route=\/wp\/v2\/posts\/4550\/revisions\/4552"}],"wp:featuredmedia":[{"embeddable":true,"href":"https:\/\/notiissa.mx\/index.php?rest_route=\/wp\/v2\/media\/4551"}],"wp:attachment":[{"href":"https:\/\/notiissa.mx\/index.php?rest_route=%2Fwp%2Fv2%2Fmedia&parent=4550"}],"wp:term":[{"taxonomy":"category","embeddable":true,"href":"https:\/\/notiissa.mx\/index.php?rest_route=%2Fwp%2Fv2%2Fcategories&post=4550"},{"taxonomy":"post_tag","embeddable":true,"href":"https:\/\/notiissa.mx\/index.php?rest_route=%2Fwp%2Fv2%2Ftags&post=4550"}],"curies":[{"name":"wp","href":"https:\/\/api.w.org\/{rel}","templated":true}]}}