{"id":45472,"date":"2022-02-01T21:17:34","date_gmt":"2022-02-01T21:17:34","guid":{"rendered":"https:\/\/notiissa.mx\/?p=45472"},"modified":"2022-02-01T21:17:35","modified_gmt":"2022-02-01T21:17:35","slug":"advierte-la-oms-de-un-incremento-muy-preocupante-de-la-mortalidad-por-covid-en-el-mundo","status":"publish","type":"post","link":"https:\/\/notiissa.mx\/?p=45472","title":{"rendered":"Advierte la OMS de un \u00abincremento muy preocupante\u00bb de la mortalidad por covid en el mundo"},"content":{"rendered":"\n<p>El director general de la organizaci\u00f3n recuerda que \u00abeste virus es peligroso y contin\u00faa evolucionando delante de nuestros propios ojos\u00bb.<\/p>\n\n\n\n<p>Actualmente es demasiado temprano para que las autoridades sanitarias nacionales de todo el mundo suspendan las restricciones anticovid o declaren que la pandemia ya ha terminado, advirti\u00f3 el director general de la Organizaci\u00f3n Mundial de la Salud (OMS), Tedros Adhanom Ghebreyesus.<\/p>\n\n\n\n<p>\u00abEs prematuro para cualquier pa\u00eds rendirse o bien declarar la victoria\u00bb ya que \u00abeste virus es peligroso y <strong>contin\u00faa evolucionando<\/strong> delante de nuestros propios ojos\u00bb, manifest\u00f3 el jefe de la entidad durante una conferencia.<\/p>\n\n\n\n<p>Sus declaraciones se producen apenas un d\u00eda despu\u00e9s de que Dinamarca levantara la mayor parte de las restricciones impuestas por el covid-19, pese a registrar una cifra r\u00e9cord de contagios, convirti\u00e9ndose en el primer miembro de la UE en dar semejante paso.<\/p>\n\n\n\n<h3 class=\"wp-block-heading\">&#8216;Una narrativa err\u00f3nea&#8217;<\/h3>\n\n\n\n<p>Ghebreyesus expres\u00f3 preocupaci\u00f3n ante el hecho de que \u00aben algunos pa\u00edses se ha afianzado una narrativa de que, a causa de las vacunas y de la alta transmisibilidad y menor severidad de \u00f3micron, prevenir la transmisi\u00f3n ya no es posible ni necesario\u00bb.<\/p>\n\n\n\n<p>Adem\u00e1s, insisti\u00f3 en que \u00abnada podr\u00eda estar m\u00e1s lejos de la verdad\u00bb dado que \u00ab<strong>m\u00e1s transmisi\u00f3n del covid-19 significa m\u00e1s muertes<\/strong>\u00ab.<\/p>\n\n\n\n<p>Y record\u00f3 que desde el descubrimiento de la variante \u00f3micron en Sud\u00e1frica el pasado mes de noviembre, la OMS ha contabilizado aproximadamente <strong>90 millones de contagios<\/strong>, una cifra superior al total de casos registrados en el 2020.<\/p>\n\n\n\n<h3 class=\"wp-block-heading\">Mortalidad\u00a0en aumento<\/h3>\n\n\n\n<p>A pesar de la supuesta menor gravedad&nbsp;de esa variante, actualmente se est\u00e1 comenzando a notar un <strong>\u00abincremento muy preocupante\u00bb de casos letales<\/strong> en todas las regiones del planeta, a\u00f1adi\u00f3 el jefe de la organizaci\u00f3n, y urgi\u00f3 a mantener en pie las medidas para frenar las infecciones.<\/p>\n\n\n\n<p>\u00abNo estamos llamando a ning\u00fan pa\u00eds a regresar a los as\u00ed llamados confinamientos\u00bb sino que \u00abestamos llamando a todos los pa\u00edses a proteger a su gente usando cada herramienta en el kit de herramientas, no solo las vacunas\u00bb, advirti\u00f3.<\/p>\n\n\n\n<h3 class=\"wp-block-heading\">Evoluci\u00f3n del virus<\/h3>\n\n\n\n<p>Por \u00faltimo,\u00a0Ghebreyesus insisti\u00f3 en la importancia de seguir monitoreando la aparici\u00f3n de nuevas variantes, tales como\u00a0subvariante de \u00f3micron conocida como BA.2.<\/p>\n\n\n\n<p>\u00abEste virus continuar\u00e1 evolucionando, es por eso que llamamos a los pa\u00edses a continuar testeando, monitoreando y secuenciando\u00bb, resumi\u00f3.<\/p>\n\n\n\n<p>\u00abNo podemos luchar contra este virus si no sabemos qu\u00e9 es lo que est\u00e1 haciendo\u00bb, concluy\u00f3.<\/p>\n\n\n\n<p>RT<\/p>\n","protected":false},"excerpt":{"rendered":"<p>El director general de la organizaci\u00f3n recuerda que \u00abeste virus es peligroso y contin\u00faa evolucionando delante de nuestros propios ojos\u00bb. Actualmente es demasiado temprano para que las autoridades sanitarias nacionales de todo el mundo suspendan las restricciones anticovid o declaren que la pandemia ya ha terminado, advirti\u00f3 el director general de la Organizaci\u00f3n Mundial de [&hellip;]<\/p>\n","protected":false},"author":1,"featured_media":45473,"comment_status":"closed","ping_status":"open","sticky":false,"template":"","format":"standard","meta":{"rop_custom_images_group":[],"rop_custom_messages_group":[],"rop_publish_now":"initial","rop_publish_now_accounts":[],"rop_publish_now_history":[],"rop_publish_now_status":"pending","footnotes":""},"categories":[68,71],"tags":[],"class_list":["post-45472","post","type-post","status-publish","format-standard","has-post-thumbnail","hentry","category-ciencia-tec","category-salud"],"_links":{"self":[{"href":"https:\/\/notiissa.mx\/index.php?rest_route=\/wp\/v2\/posts\/45472","targetHints":{"allow":["GET"]}}],"collection":[{"href":"https:\/\/notiissa.mx\/index.php?rest_route=\/wp\/v2\/posts"}],"about":[{"href":"https:\/\/notiissa.mx\/index.php?rest_route=\/wp\/v2\/types\/post"}],"author":[{"embeddable":true,"href":"https:\/\/notiissa.mx\/index.php?rest_route=\/wp\/v2\/users\/1"}],"replies":[{"embeddable":true,"href":"https:\/\/notiissa.mx\/index.php?rest_route=%2Fwp%2Fv2%2Fcomments&post=45472"}],"version-history":[{"count":1,"href":"https:\/\/notiissa.mx\/index.php?rest_route=\/wp\/v2\/posts\/45472\/revisions"}],"predecessor-version":[{"id":45474,"href":"https:\/\/notiissa.mx\/index.php?rest_route=\/wp\/v2\/posts\/45472\/revisions\/45474"}],"wp:featuredmedia":[{"embeddable":true,"href":"https:\/\/notiissa.mx\/index.php?rest_route=\/wp\/v2\/media\/45473"}],"wp:attachment":[{"href":"https:\/\/notiissa.mx\/index.php?rest_route=%2Fwp%2Fv2%2Fmedia&parent=45472"}],"wp:term":[{"taxonomy":"category","embeddable":true,"href":"https:\/\/notiissa.mx\/index.php?rest_route=%2Fwp%2Fv2%2Fcategories&post=45472"},{"taxonomy":"post_tag","embeddable":true,"href":"https:\/\/notiissa.mx\/index.php?rest_route=%2Fwp%2Fv2%2Ftags&post=45472"}],"curies":[{"name":"wp","href":"https:\/\/api.w.org\/{rel}","templated":true}]}}