{"id":45445,"date":"2022-01-30T22:11:27","date_gmt":"2022-01-30T22:11:27","guid":{"rendered":"https:\/\/notiissa.mx\/?p=45445"},"modified":"2022-01-30T22:11:28","modified_gmt":"2022-01-30T22:11:28","slug":"como-podria-afectar-el-cambio-climatico-al-cafe-los-aguacates-y-los-anacardos","status":"publish","type":"post","link":"https:\/\/notiissa.mx\/?p=45445","title":{"rendered":"C\u00f3mo podr\u00eda afectar el cambio clim\u00e1tico al caf\u00e9, los aguacates y los anacardos"},"content":{"rendered":"\n<p>En los pr\u00f3ximos 30 a\u00f1os.<\/p>\n\n\n\n<p>Los cient\u00edficos emplearon 14 modelos clim\u00e1ticos diferentes para modelar los impactos del cambio clim\u00e1tico en 2050 en los tres principales cultivos.<\/p>\n\n\n\n<p>Un grupo de cient\u00edficos de Universidad de Ciencias Aplicadas de Z\u00farich (Suiza), dirigido por el Dr. Roman Gr\u00fcter, ha desarrollado un nuevo modelo para estudiar el cambio en las condiciones de crecimiento del caf\u00e9, los anacardos y los aguacates en los pr\u00f3ximos 30 a\u00f1os en las principales regiones productoras de estos cultivos.<\/p>\n\n\n\n<p>Los resultados del estudio, que fue\u00a0publicado en la revista Plos One, pronostican que de los tres principales cultivos analizados <strong>ser\u00e1 el de caf\u00e9 el m\u00e1s afectado por los efectos del cambio clim\u00e1tico en 2050<\/strong>, teniendo como resultado una disminuci\u00f3n significativa en la cantidad de regiones adecuadas para su cultivo.<\/p>\n\n\n\n<p>En el caso del anacardo y del aguacate, los cient\u00edficos esperan que \u00ablas \u00e1reas adecuadas para el cultivo se expandan a nivel mundial\u00bb, aunque vaticinan que est\u00e1s \u00e1reas podr\u00edan disminuir en \u00ablos principales pa\u00edses productores\u00bb.<\/p>\n\n\n\n<p>Los cient\u00edficos emplearon 14 modelos de circulaci\u00f3n global basados en tres escenarios diferentes de emisiones de gases de efecto invernadero para modelar los impactos del cambio clim\u00e1tico en 2050 en los tres principales cultivos, tanto a nivel mundial como por pa\u00eds productor.<\/p>\n\n\n\n<p>Los elementos que se consideraron en el estudio incluyeron estaciones seca prolongadas, temperaturas medias (altas y bajas), temperaturas m\u00ednimas bajas, precipitaciones anuales (altas y bajas), bajo pH del suelo, textura desfavorable y pendientes pronunciadas.<\/p>\n\n\n\n<p>\u00abEncontramos variaciones debido al cambio clim\u00e1tico en las regiones adecuadas para el cultivo, con&nbsp;regiones tanto de futura expansi\u00f3n&nbsp;como de&nbsp;futura contracci\u00f3n para todos los cultivos investigados\u00bb, comentaron los cient\u00edficos en el informe.<\/p>\n\n\n\n<p>\u00abEn las regiones que podr\u00edan volverse m\u00e1s adecuadas para cultivar esos cultivos, es importante asegurarse de que no haya impactos ambientales negativos como la deforestaci\u00f3n\u00bb, coment\u00f3 el cient\u00edfico Roman Gr\u00fcter a BBC.<\/p>\n\n\n\n<p>RT<\/p>\n","protected":false},"excerpt":{"rendered":"<p>En los pr\u00f3ximos 30 a\u00f1os. Los cient\u00edficos emplearon 14 modelos clim\u00e1ticos diferentes para modelar los impactos del cambio clim\u00e1tico en 2050 en los tres principales cultivos. Un grupo de cient\u00edficos de Universidad de Ciencias Aplicadas de Z\u00farich (Suiza), dirigido por el Dr. Roman Gr\u00fcter, ha desarrollado un nuevo modelo para estudiar el cambio en las [&hellip;]<\/p>\n","protected":false},"author":1,"featured_media":45446,"comment_status":"closed","ping_status":"open","sticky":false,"template":"","format":"standard","meta":{"rop_custom_images_group":[],"rop_custom_messages_group":[],"rop_publish_now":"initial","rop_publish_now_accounts":[],"rop_publish_now_history":[],"rop_publish_now_status":"pending","footnotes":""},"categories":[68,61],"tags":[],"class_list":["post-45445","post","type-post","status-publish","format-standard","has-post-thumbnail","hentry","category-ciencia-tec","category-economia"],"_links":{"self":[{"href":"https:\/\/notiissa.mx\/index.php?rest_route=\/wp\/v2\/posts\/45445","targetHints":{"allow":["GET"]}}],"collection":[{"href":"https:\/\/notiissa.mx\/index.php?rest_route=\/wp\/v2\/posts"}],"about":[{"href":"https:\/\/notiissa.mx\/index.php?rest_route=\/wp\/v2\/types\/post"}],"author":[{"embeddable":true,"href":"https:\/\/notiissa.mx\/index.php?rest_route=\/wp\/v2\/users\/1"}],"replies":[{"embeddable":true,"href":"https:\/\/notiissa.mx\/index.php?rest_route=%2Fwp%2Fv2%2Fcomments&post=45445"}],"version-history":[{"count":1,"href":"https:\/\/notiissa.mx\/index.php?rest_route=\/wp\/v2\/posts\/45445\/revisions"}],"predecessor-version":[{"id":45447,"href":"https:\/\/notiissa.mx\/index.php?rest_route=\/wp\/v2\/posts\/45445\/revisions\/45447"}],"wp:featuredmedia":[{"embeddable":true,"href":"https:\/\/notiissa.mx\/index.php?rest_route=\/wp\/v2\/media\/45446"}],"wp:attachment":[{"href":"https:\/\/notiissa.mx\/index.php?rest_route=%2Fwp%2Fv2%2Fmedia&parent=45445"}],"wp:term":[{"taxonomy":"category","embeddable":true,"href":"https:\/\/notiissa.mx\/index.php?rest_route=%2Fwp%2Fv2%2Fcategories&post=45445"},{"taxonomy":"post_tag","embeddable":true,"href":"https:\/\/notiissa.mx\/index.php?rest_route=%2Fwp%2Fv2%2Ftags&post=45445"}],"curies":[{"name":"wp","href":"https:\/\/api.w.org\/{rel}","templated":true}]}}