{"id":45399,"date":"2022-01-28T19:31:54","date_gmt":"2022-01-28T19:31:54","guid":{"rendered":"https:\/\/notiissa.mx\/?p=45399"},"modified":"2022-01-28T19:31:56","modified_gmt":"2022-01-28T19:31:56","slug":"iata-pide-el-fin-de-cuarentenas-y-pcr-para-viajes-por-su-inutilidad","status":"publish","type":"post","link":"https:\/\/notiissa.mx\/?p=45399","title":{"rendered":"IATA pide el fin de cuarentenas y PCR para viajes por su inutilidad"},"content":{"rendered":"\n<p>La Asociaci\u00f3n Internacional de Transporte A\u00e9reo (IATA) insta a los gobiernos a que aceleren la relajaci\u00f3n de las restricciones de viaje a medida que el Covid-19 contin\u00faa evolucionando hacia la etapa end\u00e9mica.<\/p>\n\n\n\n<p>La IATA pide la eliminaci\u00f3n de todas las barreras de viaje (incluidas la cuarentena y las pruebas de diagn\u00f3stico) para quienes cuenten con pauta completa de vacuna aprobada por la OMS; eximir de cuarentena a los viajeros no vacunados y con resultado negativo en la prueba de ant\u00edgenos antes de la salida; as\u00ed como retirar las prohibiciones de viaje, y acelerar la relajaci\u00f3n de las restricciones de viaje como prueba de que los viajeros no representan un mayor riesgo de propagaci\u00f3n de Covid-19 que el que ya existe en la poblaci\u00f3n general.<\/p>\n\n\n\n<p>Willie Walsh, director general IATA, destaca que con la experiencia de la variante \u00f3micron, la evidencia cient\u00edfica es cada vez m\u00e1s clara respecto a la ineficacia de las restricciones y prohibiciones de viaje impuestas por los gobiernos para controlar la propagaci\u00f3n del virus.<\/p>\n\n\n\n<p>\u00abLas medidas no est\u00e1n funcionando. Hoy \u00f3micron est\u00e1 presente en todas las partes del mundo. Por ello, viajar salvo escasas excepciones, no aumenta el riesgo para las poblaciones en general\u00bb, dijo al resaltar que los miles de millones gastados en hacer pruebas a los viajeros ser\u00edan mucho m\u00e1s efectivos si se asignaran a la distribuci\u00f3n de vacunas o al fortalecimiento de los sistemas de atenci\u00f3n m\u00e9dica.<\/p>\n\n\n\n<p>El estudio reciente de Oxera and Edge Health&nbsp; ha demostrado el impacto limitado de las restricciones de viaje para controlar la propagaci\u00f3n de \u00f3micron, el cual revela que si las&nbsp;medidas extraordinarias del Reino Unido con respecto a \u00f3micron hubieran estado vigentes desde principios de noviembre (antes de la identificaci\u00f3n de la variante), el pico de la ola de \u00f3micron se habr\u00eda retrasado solo cinco d\u00edas, con un 3% menos de contagios.<\/p>\n\n\n\n<p>Tambi\u00e9n revela que la ausencia de pruebas de diagn\u00f3stico a los viajeros habr\u00eda adelantado el pico de la ola de \u00f3micron siete d\u00edas, con un 8% m\u00e1s de contagios, y aseguran que si se retiraran todos los requisitos de las pruebas de diagn\u00f3stico para viajar, el n\u00famero de contagios y hospitalizaciones por \u00f3micron no se ver\u00eda afectado.La IATA como dijo <em>REPORTUR.mx<\/em> ha instado tambi\u00e9n a los pa\u00edses latinoamericanos unirse al certificado Covid.<\/p>\n\n\n\n<p><\/p>\n","protected":false},"excerpt":{"rendered":"<p>La Asociaci\u00f3n Internacional de Transporte A\u00e9reo (IATA) insta a los gobiernos a que aceleren la relajaci\u00f3n de las restricciones de viaje a medida que el Covid-19 contin\u00faa evolucionando hacia la etapa end\u00e9mica. La IATA pide la eliminaci\u00f3n de todas las barreras de viaje (incluidas la cuarentena y las pruebas de diagn\u00f3stico) para quienes cuenten con [&hellip;]<\/p>\n","protected":false},"author":1,"featured_media":45400,"comment_status":"closed","ping_status":"open","sticky":false,"template":"","format":"standard","meta":{"rop_custom_images_group":[],"rop_custom_messages_group":[],"rop_publish_now":"initial","rop_publish_now_accounts":[],"rop_publish_now_history":[],"rop_publish_now_status":"pending","footnotes":""},"categories":[61,66,71],"tags":[23],"class_list":["post-45399","post","type-post","status-publish","format-standard","has-post-thumbnail","hentry","category-economia","category-estilo-de-vida","category-salud","tag-destacado"],"_links":{"self":[{"href":"https:\/\/notiissa.mx\/index.php?rest_route=\/wp\/v2\/posts\/45399","targetHints":{"allow":["GET"]}}],"collection":[{"href":"https:\/\/notiissa.mx\/index.php?rest_route=\/wp\/v2\/posts"}],"about":[{"href":"https:\/\/notiissa.mx\/index.php?rest_route=\/wp\/v2\/types\/post"}],"author":[{"embeddable":true,"href":"https:\/\/notiissa.mx\/index.php?rest_route=\/wp\/v2\/users\/1"}],"replies":[{"embeddable":true,"href":"https:\/\/notiissa.mx\/index.php?rest_route=%2Fwp%2Fv2%2Fcomments&post=45399"}],"version-history":[{"count":1,"href":"https:\/\/notiissa.mx\/index.php?rest_route=\/wp\/v2\/posts\/45399\/revisions"}],"predecessor-version":[{"id":45401,"href":"https:\/\/notiissa.mx\/index.php?rest_route=\/wp\/v2\/posts\/45399\/revisions\/45401"}],"wp:featuredmedia":[{"embeddable":true,"href":"https:\/\/notiissa.mx\/index.php?rest_route=\/wp\/v2\/media\/45400"}],"wp:attachment":[{"href":"https:\/\/notiissa.mx\/index.php?rest_route=%2Fwp%2Fv2%2Fmedia&parent=45399"}],"wp:term":[{"taxonomy":"category","embeddable":true,"href":"https:\/\/notiissa.mx\/index.php?rest_route=%2Fwp%2Fv2%2Fcategories&post=45399"},{"taxonomy":"post_tag","embeddable":true,"href":"https:\/\/notiissa.mx\/index.php?rest_route=%2Fwp%2Fv2%2Ftags&post=45399"}],"curies":[{"name":"wp","href":"https:\/\/api.w.org\/{rel}","templated":true}]}}