{"id":44960,"date":"2022-01-14T21:35:38","date_gmt":"2022-01-14T21:35:38","guid":{"rendered":"https:\/\/notiissa.mx\/?p=44960"},"modified":"2022-01-14T21:35:40","modified_gmt":"2022-01-14T21:35:40","slug":"nombran-a-marcelo-ebrard-persona-del-ano","status":"publish","type":"post","link":"https:\/\/notiissa.mx\/?p=44960","title":{"rendered":"Nombran a Marcelo Ebrard \u00abpersona del a\u00f1o\u00bb"},"content":{"rendered":"\n<p>Por la demanda del Gobierno mexicano contra los fabricantes de armas estadounidenses.<\/p>\n\n\n\n<p>La Asociaci\u00f3n de Control de Armas destac\u00f3 que el litigio contribuye a \u00abresponsabilizar a los actores deshonestos por su papel en la violencia\u00bb, derivada del tr\u00e1fico il\u00edcito de armamento a trav\u00e9s de las fronteras internacionales.<\/p>\n\n\n\n<p>La&nbsp;Asociaci\u00f3n de Control de Armas de EE.UU. nombr\u00f3 \u00abpersona del a\u00f1o\u00bb al canciller mexicano, Marcelo Ebrard, por la demanda que interpuso el Gobierno de Andr\u00e9s Manuel L\u00f3pez Obrador en contra de 11 empresas armament\u00edsticas de la naci\u00f3n norteamericana, a las que&nbsp;acus\u00f3 de promover pr\u00e1cticas negligentes con consecuencias devastadores en la violencia que vive M\u00e9xico.<\/p>\n\n\n\n<p>En un comunicado de prensa, el director ejecutivo de la Asociaci\u00f3n de Control de Armas,\u00a0Daryl G. Kimball, destac\u00f3 que la demanda interpuesta\u00a0por\u00a0la Canciller\u00eda mexicana\u00a0ante la Corte Federal del Distrito de Massachusetts contribuye a \u00abresponsabilizar a los actores deshonestos por su papel en la violencia causada por el tr\u00e1fico de armas peque\u00f1as a trav\u00e9s de las fronteras internacionales\u00bb.\u00a0<\/p>\n\n\n\n<p>Tras oficializarse el nombramiento, Ebrard public\u00f3 un mensaje en su cuenta de Twitter, en el que destac\u00f3 el trabajo realizado por el equipo jur\u00eddico de la Canciller\u00eda y agradeci\u00f3 \u00ab<strong>a quienes votaron por M\u00e9xico para hacerlo posible<\/strong>\u00ab.\u00a0<\/p>\n\n\n\n<p>En tanto,&nbsp;Kimball&nbsp;apunt\u00f3 que el concurso, en el que&nbsp;votaron miles de personas de una docena de pa\u00edses, \u00abes un recordatorio\u00bb de las&nbsp;distintas formas en las que individuos y organizaciones pueden contribuir \u00aba enfrentar los dif\u00edciles desaf\u00edos de control de armas de hoy y de las pr\u00f3ximas d\u00e9cadas\u00bb.&nbsp;<\/p>\n\n\n\n<h3 class=\"wp-block-heading\">Litigio por pr\u00e1cticas negligentes<\/h3>\n\n\n\n<p>En el litigio presentado ante la Corte Federal de Massachusetts, M\u00e9xico acus\u00f3 a los fabricantes de armas estadounidenses de incurrir en&nbsp;\u00ab<strong>pr\u00e1cticas negligentes<\/strong>\u00ab<strong> en el dise\u00f1o, publicidad y venta de armamento<\/strong>, que incluye la falta de revisi\u00f3n de antecedentes de los compradores, quienes muchas a veces recurren a prestanombres.<\/p>\n\n\n\n<p>Los deficientes controles estar\u00edan relacionados con el incremento de la violencia en la naci\u00f3n latinoamericana, ya que estas armas terminan en manos de organizaciones criminales en M\u00e9xico.<\/p>\n\n\n\n<p>Seg\u00fan un an\u00e1lisis de la Oficina de Alcohol, Tabaco, Armas de fuego y Explosivos (ATF, por sus siglas en ingl\u00e9s), entre 2014 y 2018,&nbsp;<strong>siete&nbsp;de cada diez armas<\/strong>&nbsp;que fueron recuperadas en una escena del crimen por las autoridades en M\u00e9xico, y enviadas&nbsp;de vuelta a la agencia para su an\u00e1lisis, ten\u00edan su<strong>&nbsp;origen en EE.UU.<\/strong><\/p>\n\n\n\n<p>A la par del litigio que est\u00e1 en curso, el pasado 22 de diciembre, el Consejo de Seguridad de la Organizaci\u00f3n de Naciones Unidas (ONU) aprob\u00f3\u00a0una resoluci\u00f3n presentada por M\u00e9xico, en la que los pa\u00edses miembro condenan\u00a0<strong>el tr\u00e1fico il\u00edcito de armas en el mundo<\/strong>, al representar<strong>\u00a0amenazas para la paz y la seguridad internacionales<\/strong>.<\/p>\n\n\n\n<p>En la declaraci\u00f3n, las naciones se comprometieron a resguardar, en conjunto, las fronteras y a\u00a0intercambiar informaci\u00f3n sobre los\u00a0traficantes de armas y las rutas que utilizan para el trasiego.\u00a0<\/p>\n\n\n\n<p>RT<\/p>\n\n\n\n<p><\/p>\n\n\n\n<p><\/p>\n","protected":false},"excerpt":{"rendered":"<p>Por la demanda del Gobierno mexicano contra los fabricantes de armas estadounidenses. La Asociaci\u00f3n de Control de Armas destac\u00f3 que el litigio contribuye a \u00abresponsabilizar a los actores deshonestos por su papel en la violencia\u00bb, derivada del tr\u00e1fico il\u00edcito de armamento a trav\u00e9s de las fronteras internacionales. La&nbsp;Asociaci\u00f3n de Control de Armas de EE.UU. nombr\u00f3 [&hellip;]<\/p>\n","protected":false},"author":1,"featured_media":44961,"comment_status":"closed","ping_status":"open","sticky":false,"template":"","format":"standard","meta":{"rop_custom_images_group":[],"rop_custom_messages_group":[],"rop_publish_now":"initial","rop_publish_now_accounts":[],"rop_publish_now_history":[],"rop_publish_now_status":"pending","footnotes":""},"categories":[77,60],"tags":[23],"class_list":["post-44960","post","type-post","status-publish","format-standard","has-post-thumbnail","hentry","category-ni-lectoris","category-sonnoticia","tag-destacado"],"_links":{"self":[{"href":"https:\/\/notiissa.mx\/index.php?rest_route=\/wp\/v2\/posts\/44960","targetHints":{"allow":["GET"]}}],"collection":[{"href":"https:\/\/notiissa.mx\/index.php?rest_route=\/wp\/v2\/posts"}],"about":[{"href":"https:\/\/notiissa.mx\/index.php?rest_route=\/wp\/v2\/types\/post"}],"author":[{"embeddable":true,"href":"https:\/\/notiissa.mx\/index.php?rest_route=\/wp\/v2\/users\/1"}],"replies":[{"embeddable":true,"href":"https:\/\/notiissa.mx\/index.php?rest_route=%2Fwp%2Fv2%2Fcomments&post=44960"}],"version-history":[{"count":1,"href":"https:\/\/notiissa.mx\/index.php?rest_route=\/wp\/v2\/posts\/44960\/revisions"}],"predecessor-version":[{"id":44962,"href":"https:\/\/notiissa.mx\/index.php?rest_route=\/wp\/v2\/posts\/44960\/revisions\/44962"}],"wp:featuredmedia":[{"embeddable":true,"href":"https:\/\/notiissa.mx\/index.php?rest_route=\/wp\/v2\/media\/44961"}],"wp:attachment":[{"href":"https:\/\/notiissa.mx\/index.php?rest_route=%2Fwp%2Fv2%2Fmedia&parent=44960"}],"wp:term":[{"taxonomy":"category","embeddable":true,"href":"https:\/\/notiissa.mx\/index.php?rest_route=%2Fwp%2Fv2%2Fcategories&post=44960"},{"taxonomy":"post_tag","embeddable":true,"href":"https:\/\/notiissa.mx\/index.php?rest_route=%2Fwp%2Fv2%2Ftags&post=44960"}],"curies":[{"name":"wp","href":"https:\/\/api.w.org\/{rel}","templated":true}]}}