{"id":4438,"date":"2015-08-10T04:05:02","date_gmt":"2015-08-10T04:05:02","guid":{"rendered":"http:\/\/notiissa.mx\/?p=4438"},"modified":"2015-08-10T04:05:02","modified_gmt":"2015-08-10T04:05:02","slug":"papa-francisco-pide-la-prohibicion-de-las-armas-nucleares","status":"publish","type":"post","link":"https:\/\/notiissa.mx\/?p=4438","title":{"rendered":"Papa Francisco pide la prohibici\u00f3n de las armas nucleares"},"content":{"rendered":"<div class=\"arcticle-summary\">\n<p style=\"text-align: justify;\">El bombardeo at\u00f3mico de Hiroshima y Nagasaki hace 70 a\u00f1os es \u00abuna advertencia permanente para la humanidad\u00bb para rechazar la guerra y prohibir las armas de destrucci\u00f3n masiva, dijo el papa Francisco.<\/p>\n<\/div>\n<div class=\"arcticle-content\">\n<p style=\"text-align: justify;\">\u00abHace 70 a\u00f1os, el 6\u00a0y el 9\u00a0de agosto de 1945, se llevaron a cabo los terribles atentados con bombas at\u00f3micas sobre Hiroshima y <a href=\"http:\/\/actualidad.rt.com\/actualidad\/182551-eeuu-publicar-fotos-nagasaki-explosion-nuclear\" target=\"_blank\" rel=\"up\">Nagasaki<\/a>. Incluso despu\u00e9s de tantos a\u00f1os, este tr\u00e1gico suceso todav\u00eda suscita horror y repugnancia\u00bb, cita <a href=\"http:\/\/en.radiovaticana.va\/news\/2015\/08\/09\/pope_francis_revulsion_of_hiroshima__nagasaki_attacks\/1163998\" target=\"_blank\">Radio Vaticana<\/a>\u00a0el discurso semanal del \u00c1ngelus realizado por el Sumo Pont\u00edfice en la Plaza de San Pedro, Vaticano.<\/p>\n<p style=\"text-align: justify;\">El papa ha se\u00f1alado que los ataques son un s\u00edmbolo del \u00abenorme poder de la humanidad\u00bb cuando la gente usa mal los avances cient\u00edficos y t\u00e9cnicos.<\/p>\n<p style=\"text-align: justify;\">\u00abQue el mismo llamamiento se haga en cada pa\u00eds, &#8216;No&#8217; a la guerra y la violencia y &#8216;S\u00ed&#8217; al di\u00e1logo y la paz. Con la guerra uno siempre pierde. La \u00fanica manera de ganar una guerra es nunca librarla\u00bb, concluy\u00f3 el Sumo Pont\u00edfice.<\/p>\n<p style=\"text-align: justify;\">El 6 y el 9 de agosto de 1945, el Ej\u00e9rcito de EE.UU. <a href=\"http:\/\/actualidad.rt.com\/actualidad\/182235-lecciones-guerra-nuclear-hiroshima-nagasaki\" target=\"_blank\" rel=\"up\">lanz\u00f3<\/a>\u00a0<strong>bombas at\u00f3micas<\/strong>\u00a0sobre las ciudades japonesas de Hiroshima y Nagasaki. Estos ataques <strong>mataron a casi 250.000 personas<\/strong>, muchas de ellas murieron meses despu\u00e9s de<strong> enfermedades causadas por la radiaci\u00f3n<\/strong>, e incluso a\u00f1os despu\u00e9s del bombardeo.<\/p>\n<\/div>\n","protected":false},"excerpt":{"rendered":"<p>El bombardeo at\u00f3mico de Hiroshima y Nagasaki hace 70 a\u00f1os es \u00abuna advertencia permanente para la humanidad\u00bb para rechazar la guerra y prohibir las armas de destrucci\u00f3n masiva, dijo el papa Francisco. \u00abHace 70 a\u00f1os, el 6\u00a0y el 9\u00a0de agosto de 1945, se llevaron a cabo los terribles atentados con bombas at\u00f3micas sobre Hiroshima y [&hellip;]<\/p>\n","protected":false},"author":1,"featured_media":4439,"comment_status":"open","ping_status":"open","sticky":false,"template":"","format":"standard","meta":{"rop_custom_images_group":[],"rop_custom_messages_group":[],"rop_publish_now":"initial","rop_publish_now_accounts":[],"rop_publish_now_history":[],"rop_publish_now_status":"pending","footnotes":""},"categories":[60],"tags":[],"class_list":["post-4438","post","type-post","status-publish","format-standard","has-post-thumbnail","hentry","category-sonnoticia"],"_links":{"self":[{"href":"https:\/\/notiissa.mx\/index.php?rest_route=\/wp\/v2\/posts\/4438","targetHints":{"allow":["GET"]}}],"collection":[{"href":"https:\/\/notiissa.mx\/index.php?rest_route=\/wp\/v2\/posts"}],"about":[{"href":"https:\/\/notiissa.mx\/index.php?rest_route=\/wp\/v2\/types\/post"}],"author":[{"embeddable":true,"href":"https:\/\/notiissa.mx\/index.php?rest_route=\/wp\/v2\/users\/1"}],"replies":[{"embeddable":true,"href":"https:\/\/notiissa.mx\/index.php?rest_route=%2Fwp%2Fv2%2Fcomments&post=4438"}],"version-history":[{"count":1,"href":"https:\/\/notiissa.mx\/index.php?rest_route=\/wp\/v2\/posts\/4438\/revisions"}],"predecessor-version":[{"id":4440,"href":"https:\/\/notiissa.mx\/index.php?rest_route=\/wp\/v2\/posts\/4438\/revisions\/4440"}],"wp:featuredmedia":[{"embeddable":true,"href":"https:\/\/notiissa.mx\/index.php?rest_route=\/wp\/v2\/media\/4439"}],"wp:attachment":[{"href":"https:\/\/notiissa.mx\/index.php?rest_route=%2Fwp%2Fv2%2Fmedia&parent=4438"}],"wp:term":[{"taxonomy":"category","embeddable":true,"href":"https:\/\/notiissa.mx\/index.php?rest_route=%2Fwp%2Fv2%2Fcategories&post=4438"},{"taxonomy":"post_tag","embeddable":true,"href":"https:\/\/notiissa.mx\/index.php?rest_route=%2Fwp%2Fv2%2Ftags&post=4438"}],"curies":[{"name":"wp","href":"https:\/\/api.w.org\/{rel}","templated":true}]}}