{"id":4414,"date":"2015-08-09T04:04:36","date_gmt":"2015-08-09T04:04:36","guid":{"rendered":"http:\/\/notiissa.mx\/?p=4414"},"modified":"2015-08-09T04:04:36","modified_gmt":"2015-08-09T04:04:36","slug":"presidentes-lideres-e-iconos-que-fueron-adoptados","status":"publish","type":"post","link":"https:\/\/notiissa.mx\/?p=4414","title":{"rendered":"Presidentes, l\u00edderes e \u00edconos que fueron adoptados"},"content":{"rendered":"<div class=\"arcticle-summary\">\n<p style=\"text-align: justify;\">Esta semana se cumplieron 53 a\u00f1os de la muerte de una de las mujeres m\u00e1s conocidas y mitificadas del cine: Marilyn Monroe, quien al igual que otros \u00edconos del cine y la m\u00fasica e influyentes l\u00edderes mundiales, tuvo una dif\u00edcil infancia y creci\u00f3 en el seno de otras familias.<\/p>\n<\/div>\n<div class=\"arcticle-content\">\n<p>A continuaci\u00f3n les presentamos una peque\u00f1a lista, recogida por el portal &#8216;<a href=\"http:\/\/tresbcomunicacion.tumblr.com\/post\/125835086784\/15-famosos-que-probablemente-no-sab%C3%ADas-que\" target=\"_blank\">TresB Comunicaci\u00f3n<\/a>&#8216;, de reconocidos personajes del mundo del espect\u00e1culo y l\u00edderes mundiales que fueron adoptados, pero que sin embargo, recibieron una adecuada educaci\u00f3n para triunfar en su campo.<\/p>\n<p><strong>Norma Jeane Mortenson<\/strong>, nombre real de <strong><a href=\"http:\/\/actualidad.rt.com\/actualidad\/view\/129610-marilyn-monroe-eeuu-kennedy-asesinato\" target=\"_blank\" rel=\"up\">Marilyn Monroe<\/a><\/strong>, naci\u00f3 en el seno de una familia desestructurada: su madre sufr\u00eda esquizofrenia y jam\u00e1s conoci\u00f3 la identidad de su padre, por lo que pas\u00f3 la mayor parte de su infancia en orfanatos y casas de acogida.<\/p>\n<p><strong>William (Bill) Clinton<\/strong>. El padre biol\u00f3gico del 42\u00a0<a href=\"http:\/\/actualidad.rt.com\/economia\/175986-bill-clinton-misteriosa-empresa-fantasma\" target=\"_blank\" rel=\"up\">presidente de EE.UU.<\/a> falleci\u00f3 poco antes de que naciera, y su madre lo dej\u00f3 al cuidado de sus abuelos hasta los 4 a\u00f1os de edad. Luego su madre se cas\u00f3 con Roger Elfont Clinton, quien adopt\u00f3 a William como su hijo.<\/p>\n<p style=\"text-align: justify;\"><strong><a href=\"http:\/\/actualidad.rt.com\/actualidad\/164952-steve-jobs-apple-eeuu\" target=\"_blank\" rel=\"up\">Steve Jobs<\/a><\/strong>. El tristemente fallecido cofundador de\u00a0<a href=\"http:\/\/actualidad.rt.com\/sociedad\/166665-steve-jobs-estricto-empleados-apple\" target=\"_blank\" rel=\"up\">Apple<\/a> naci\u00f3 fruto de la relaci\u00f3n de dos j\u00f3venes universitarios, quienes al no contar con los recursos para criar al ni\u00f1o, decidieron entregarlo en <a href=\"http:\/\/actualidad.rt.com\/opinion\/henry-pinto\/view\/118882-steve-jobs-discurso-cancer-stanford\" target=\"_blank\" rel=\"up\">adopci\u00f3n a un matrimonio<\/a>\u00a0de clase media, Paul y Clara Jobs.<\/p>\n<p style=\"text-align: justify;\"><strong><a href=\"http:\/\/actualidad.rt.com\/actualidad\/view\/90229-muere-nelson-mandela-sudafrica-apartheid\" target=\"_blank\" rel=\"up\">Nelson Mandela<\/a><\/strong>. El primer presidente de raza negra de <a href=\"http:\/\/actualidad.rt.com\/actualidad\/179481-presidente-sudafrica-brics-oportunidad-dictado-occidente\" target=\"_blank\" rel=\"up\">Sud\u00e1frica<\/a>, fallecido en 2013, fue adoptado a la edad de 9 a\u00f1os por el l\u00edder de una tribu de su pa\u00eds despu\u00e9s del fallecimiento de su padre biol\u00f3gico.<\/p>\n<p style=\"text-align: justify;\"><strong>John Lennon<\/strong>, el m\u00edtico m\u00fasico brit\u00e1nico integrante de\u00a0<a href=\"http:\/\/actualidad.rt.com\/sociedad\/182449-fotos-ineditas-beatles-hollywood\" target=\"_blank\" rel=\"up\">Los Beatles<\/a> y c\u00e9lebre activista, creci\u00f3 bajo la tutela de una de sus t\u00edas debido a que su madre sufr\u00eda de alcoholismo y su padre era un marino mercante que pasaba largos per\u00edodos de tiempo ausente.<\/p>\n<p style=\"text-align: justify;\"><strong>Lev<\/strong> (en ocasiones llamado <strong>\u00abLe\u00f3n\u00bb) <\/strong><a href=\"http:\/\/rusopedia.rt.com\/personalidades\/personalidades_de_cultura\/issue_168.html\" target=\"_blank\" rel=\"up\"><strong>Tolst\u00f3i<\/strong><\/a>. La madre del que fuera uno de los escritores m\u00e1s importantes de la literatura mundial falleci\u00f3 antes de que Le\u00f3n cumpliera dos a\u00f1os de edad. Poco despu\u00e9s muri\u00f3 su padre, por lo que la custodia del futuro novelista y sus tres hermanos pas\u00f3 a una de sus t\u00edas paternas.<\/p>\n<p style=\"text-align: justify;\"><strong>Jesse Jackson<\/strong>. La joven madre del futuro<a href=\"http:\/\/actualidad.rt.com\/ultima_hora\/view\/107117-colombia-farc-activista-eeuu-Jackson-Jesse\" target=\"_blank\" rel=\"up\"> activista y candidato<\/a> a las primarias presidenciales del Partido Dem\u00f3crata de EE.UU. en 1984 y 1988 tuvo una relaci\u00f3n con un vecino casado mucho mayor, fruto de la cual naci\u00f3 Jesse. M\u00e1s tarde su madre se cas\u00f3 con Charles Henry Jackson, quien lo adopt\u00f3 y le dio su apellido.<\/p>\n<p style=\"text-align: justify;\"><strong>Rafael Caldera<\/strong>. El fallecido expresidente de Venezuela\u00a0(1969-1974 y 1994-1999) fue adoptado por su t\u00eda materna Mar\u00eda Eva Rodr\u00edguez y su esposo Tom\u00e1s Liscano, despu\u00e9s de que su madre falleciera cuando \u00e9l ten\u00eda dos a\u00f1os.<\/p>\n<p>&nbsp;<\/p>\n<\/div>\n","protected":false},"excerpt":{"rendered":"<p>Esta semana se cumplieron 53 a\u00f1os de la muerte de una de las mujeres m\u00e1s conocidas y mitificadas del cine: Marilyn Monroe, quien al igual que otros \u00edconos del cine y la m\u00fasica e influyentes l\u00edderes mundiales, tuvo una dif\u00edcil infancia y creci\u00f3 en el seno de otras familias. A continuaci\u00f3n les presentamos una peque\u00f1a [&hellip;]<\/p>\n","protected":false},"author":1,"featured_media":4415,"comment_status":"open","ping_status":"open","sticky":false,"template":"","format":"standard","meta":{"rop_custom_images_group":[],"rop_custom_messages_group":[],"rop_publish_now":"initial","rop_publish_now_accounts":[],"rop_publish_now_history":[],"rop_publish_now_status":"pending","footnotes":""},"categories":[66],"tags":[],"class_list":["post-4414","post","type-post","status-publish","format-standard","has-post-thumbnail","hentry","category-estilo-de-vida"],"_links":{"self":[{"href":"https:\/\/notiissa.mx\/index.php?rest_route=\/wp\/v2\/posts\/4414","targetHints":{"allow":["GET"]}}],"collection":[{"href":"https:\/\/notiissa.mx\/index.php?rest_route=\/wp\/v2\/posts"}],"about":[{"href":"https:\/\/notiissa.mx\/index.php?rest_route=\/wp\/v2\/types\/post"}],"author":[{"embeddable":true,"href":"https:\/\/notiissa.mx\/index.php?rest_route=\/wp\/v2\/users\/1"}],"replies":[{"embeddable":true,"href":"https:\/\/notiissa.mx\/index.php?rest_route=%2Fwp%2Fv2%2Fcomments&post=4414"}],"version-history":[{"count":1,"href":"https:\/\/notiissa.mx\/index.php?rest_route=\/wp\/v2\/posts\/4414\/revisions"}],"predecessor-version":[{"id":4416,"href":"https:\/\/notiissa.mx\/index.php?rest_route=\/wp\/v2\/posts\/4414\/revisions\/4416"}],"wp:featuredmedia":[{"embeddable":true,"href":"https:\/\/notiissa.mx\/index.php?rest_route=\/wp\/v2\/media\/4415"}],"wp:attachment":[{"href":"https:\/\/notiissa.mx\/index.php?rest_route=%2Fwp%2Fv2%2Fmedia&parent=4414"}],"wp:term":[{"taxonomy":"category","embeddable":true,"href":"https:\/\/notiissa.mx\/index.php?rest_route=%2Fwp%2Fv2%2Fcategories&post=4414"},{"taxonomy":"post_tag","embeddable":true,"href":"https:\/\/notiissa.mx\/index.php?rest_route=%2Fwp%2Fv2%2Ftags&post=4414"}],"curies":[{"name":"wp","href":"https:\/\/api.w.org\/{rel}","templated":true}]}}