{"id":43828,"date":"2021-12-02T00:01:48","date_gmt":"2021-12-02T00:01:48","guid":{"rendered":"https:\/\/notiissa.mx\/?p=43828"},"modified":"2021-12-02T00:01:50","modified_gmt":"2021-12-02T00:01:50","slug":"el-precio-del-cafe-alcanza-su-maximo-en-10-anos","status":"publish","type":"post","link":"https:\/\/notiissa.mx\/?p=43828","title":{"rendered":"El precio del caf\u00e9 alcanza su m\u00e1ximo en 10 a\u00f1os"},"content":{"rendered":"\n<p>y podr\u00eda seguir subiendo.<\/p>\n\n\n\n<p>El coste de referencia de la Asociaci\u00f3n Internacional del Caf\u00e9 era de 2,07 d\u00f3lares por libra el pasado viernes, lo que representa un aumento del 85 % en comparaci\u00f3n al a\u00f1o anterior.<\/p>\n\n\n\n<p>El precio del caf\u00e9 ha alcanzado <strong>su m\u00e1ximo de 10 a\u00f1os<\/strong> y los analistas creen que seguramente continuar\u00e1 creciendo hasta 2023. Su valor para entrega en diciembre ascendi\u00f3 a 2,34 d\u00f3lares por libra (unos 450 gramos), mientras\u00a0los futuros del caf\u00e9 en la Bolsa Intercontinental de Nueva York\u00a0se dispararon hasta los <strong>2,46 d\u00f3lares<\/strong> el pasado jueves,\u00a0marcando <strong>el precio m\u00e1s alto desde 2011<\/strong>, cuando super\u00f3 los 3 d\u00f3lares\u00a0por libra, dice la  CNBC.<\/p>\n\n\n\n<p>Asimismo, el\u00a0precio de referencia de la Asociaci\u00f3n Internacional del Caf\u00e9 era de 2,07 d\u00f3lares\u00a0por libra el pasado viernes, lo que representa un aumento del 85 %\u00a0en comparaci\u00f3n con el a\u00f1o anterior. De acuerdo\u00a0con Ole Hansen, jefe de estrategia de materias primas de Saxo Bank, se trata de una \u00ab<strong>tormenta perfecta de eventos<\/strong>\u00bb que influy\u00f3 en el incremento del precio.<\/p>\n\n\n\n<p>\u00abCreo que tenemos que centrarnos en lo que se ha estado desarrollando en Brasil este a\u00f1o, donde hemos tenido temperaturas bajas generacionales, <strong>una helada muy r\u00e1pida<\/strong> que afect\u00f3 algunas de las \u00e1reas de cultivo, y hemos tenido <strong>un per\u00edodo de sequ\u00eda<\/strong>;&nbsp;esto ha dejado la cosecha de 2022 en un estado un poco precario\u00bb, asegur\u00f3 el experto, agregando que las dificultades clim\u00e1ticas se har\u00edan notar en los pr\u00f3ximos dos a\u00f1os.&nbsp;<\/p>\n\n\n\n<p>\u00abSi las proyecciones para los pr\u00f3ximos meses contin\u00faan confirmando una desaceleraci\u00f3n o reducci\u00f3n en la producci\u00f3n, entonces el riesgo de que nuestra infusi\u00f3n se vuelva m\u00e1s cara&nbsp;es muy real\u00bb, advirti\u00f3 Hansen.<\/p>\n\n\n\n<h3 class=\"wp-block-heading\">Interrumpciones en el transporte, una guerra civil y la pandemia<\/h3>\n\n\n\n<p>Sin embargo, los expertos se\u00f1alan que el problema de cultivo&nbsp;no es el \u00fanico que amenaza a los costes del producto. Los pa\u00edses exportadores como <strong>Etiop\u00eda, Brasil y Vietnam<\/strong> son clave para que la industria funcione bien, ya que en estos estados se concentra la mayor\u00eda de la oferta cafetera. Sin embargo, factores como la guerra civil que est\u00e1 a punto de estallar en Etiop\u00eda o el aumento de los casos de coronavirus en Vietnam podr\u00edan perjudicar gravemente su producci\u00f3n.<\/p>\n\n\n\n<p>Adem\u00e1s, debido a la pandemia y al cierre de las fronteras entre pa\u00edses, las empresas productoras y las que refinan el caf\u00e9 para convertirlo en un producto\u00a0listo para\u00a0el consumo\u00a0\u2014que a menudo se ubican en diferentes puntos del mundo\u2014 se\u00a0encontraron con dificultades\u00a0para ofrecer su mercanc\u00eda al mercado mundial.<\/p>\n\n\n\n<p>\u00abSi hay da\u00f1os en uno o dos de esos pa\u00edses,&nbsp;como hemos tenido, de repente <strong>el mercado se vuelve loco<\/strong> para intentar animar a otros pa\u00edses a producir caf\u00e9.&nbsp;Ese es el principio subyacente, y luego la&nbsp;guinda del pastel han sido realmente las interrupciones del transporte de mercanc\u00edas\u00bb, coment\u00f3&nbsp;Maximillian Copestake, director ejecutivo de ventas de caf\u00e9 en Europa de la compa\u00f1\u00eda&nbsp;Marex.&nbsp;<\/p>\n\n\n\n<p>El ejecutivo&nbsp;enfatiz\u00f3 que no hay que esperar mejoras antes de que pasen cerca de dos a\u00f1os&nbsp;hasta que la situaci\u00f3n se estabilice y la producci\u00f3n de caf\u00e9 responda a un cambio en el precio.<\/p>\n\n\n\n<p>\u00ab<strong>No creo que estemos fuera de peligro todav\u00eda<\/strong>\u00ab, advirti\u00f3 Copestake. \u00abPero cuando el precio sube,\u00a0sale\u00a0al mercado cada bolsa de caf\u00e9 disponible en el almac\u00e9n de cada agricultor, porque los precios son excelentes.\u00a0Por lo tanto, existe un incentivo para plantar m\u00e1s, pero tambi\u00e9n para minimizar las existencias en origen y llevar esas existencias a destino.\u00a0Creo que probablemente estemos haciendo eso\u00bb.<\/p>\n\n\n\n<p>RT<\/p>\n","protected":false},"excerpt":{"rendered":"<p>y podr\u00eda seguir subiendo. El coste de referencia de la Asociaci\u00f3n Internacional del Caf\u00e9 era de 2,07 d\u00f3lares por libra el pasado viernes, lo que representa un aumento del 85 % en comparaci\u00f3n al a\u00f1o anterior. El precio del caf\u00e9 ha alcanzado su m\u00e1ximo de 10 a\u00f1os y los analistas creen que seguramente continuar\u00e1 creciendo [&hellip;]<\/p>\n","protected":false},"author":1,"featured_media":43829,"comment_status":"closed","ping_status":"closed","sticky":false,"template":"","format":"standard","meta":{"rop_custom_images_group":[],"rop_custom_messages_group":[],"rop_publish_now":"initial","rop_publish_now_accounts":[],"rop_publish_now_history":[],"rop_publish_now_status":"pending","footnotes":""},"categories":[61,66],"tags":[23],"class_list":["post-43828","post","type-post","status-publish","format-standard","has-post-thumbnail","hentry","category-economia","category-estilo-de-vida","tag-destacado"],"_links":{"self":[{"href":"https:\/\/notiissa.mx\/index.php?rest_route=\/wp\/v2\/posts\/43828","targetHints":{"allow":["GET"]}}],"collection":[{"href":"https:\/\/notiissa.mx\/index.php?rest_route=\/wp\/v2\/posts"}],"about":[{"href":"https:\/\/notiissa.mx\/index.php?rest_route=\/wp\/v2\/types\/post"}],"author":[{"embeddable":true,"href":"https:\/\/notiissa.mx\/index.php?rest_route=\/wp\/v2\/users\/1"}],"replies":[{"embeddable":true,"href":"https:\/\/notiissa.mx\/index.php?rest_route=%2Fwp%2Fv2%2Fcomments&post=43828"}],"version-history":[{"count":1,"href":"https:\/\/notiissa.mx\/index.php?rest_route=\/wp\/v2\/posts\/43828\/revisions"}],"predecessor-version":[{"id":43830,"href":"https:\/\/notiissa.mx\/index.php?rest_route=\/wp\/v2\/posts\/43828\/revisions\/43830"}],"wp:featuredmedia":[{"embeddable":true,"href":"https:\/\/notiissa.mx\/index.php?rest_route=\/wp\/v2\/media\/43829"}],"wp:attachment":[{"href":"https:\/\/notiissa.mx\/index.php?rest_route=%2Fwp%2Fv2%2Fmedia&parent=43828"}],"wp:term":[{"taxonomy":"category","embeddable":true,"href":"https:\/\/notiissa.mx\/index.php?rest_route=%2Fwp%2Fv2%2Fcategories&post=43828"},{"taxonomy":"post_tag","embeddable":true,"href":"https:\/\/notiissa.mx\/index.php?rest_route=%2Fwp%2Fv2%2Ftags&post=43828"}],"curies":[{"name":"wp","href":"https:\/\/api.w.org\/{rel}","templated":true}]}}