{"id":43557,"date":"2021-11-24T18:16:11","date_gmt":"2021-11-24T18:16:11","guid":{"rendered":"https:\/\/notiissa.mx\/?p=43557"},"modified":"2021-11-24T18:16:12","modified_gmt":"2021-11-24T18:16:12","slug":"todo-listo-para-elegir-a-ganadores-del-premio-chihuahua-por-la-discapacidad","status":"publish","type":"post","link":"https:\/\/notiissa.mx\/?p=43557","title":{"rendered":"Todo listo para elegir a ganadores del Premio Chihuahua por la Discapacidad"},"content":{"rendered":"\n<p>\u201cLas personas que trabajan por los derechos y la inclusi\u00f3n de las personas con discapacidad son un ejemplo de la generosidad que caracteriza a los chihuahuenses\u201d, expres\u00f3 la regidora Patricia Ulate Bernal tras dar a conocer que en breve ser\u00e1n seleccionados los ganadores de la segunda edici\u00f3n del Premio Municipal Chihuahua por la Inclusi\u00f3n Social de las Personas con Discapacidad.<\/p>\n\n\n\n<p>\u201cAl cierre de la convocatoria hemos recibido trece propuestas, cada una de ellas de alto valor porque representa el compromiso de ciudadanos y organizaciones de la sociedad civil que d\u00eda a d\u00eda trabajan desde sus trincheras a favor de ese sector de nuestra poblaci\u00f3n. Sus historias de vida, sus testimoniales, sus acciones han sido de gran val\u00eda en nuestra comunidad\u201d, manifest\u00f3 la regidora presidenta de la Comisi\u00f3n Especial de Premiaci\u00f3n.<\/p>\n\n\n\n<p><br>Detall\u00f3 que corresponder\u00e1 a los integrantes de la Comisi\u00f3n Especial analizar cada una de las propuestas y definir a los ganadores en las dos categor\u00edas participantes: Persona F\u00edsica y Persona Moral.<\/p>\n\n\n\n<p><br>En esta comisi\u00f3n participan cinco destacados ciudadanos de la sociedad civil, entre ellos Manuel Trueva Mart\u00ednez \u2013 ganador en la primera edici\u00f3n, as\u00ed el presidente de la Comisi\u00f3n Estatal de Derechos, un representante de la academia, los coordinadores de las fracciones edilicias y el jefe del departamento de Atenci\u00f3n a Grupos Vulnerables del Ayuntamiento.<\/p>\n\n\n\n<p><br>\u201cQuienes resulten ganadores obtendr\u00e1n una estatuilla, un diploma y un est\u00edmulo en efectivo, pero lo m\u00e1s relevante es que habr\u00e1n de recibir el reconocimiento del Gobierno Municipal en la Sesi\u00f3n Solemne de Cabildo que tendr\u00e1 lugar en el marco del D\u00eda Internacional de las Personas con Discapacidad, el pr\u00f3ximo 3 de diciembre en el Gimnasio Adaptado Municipal, previamente declarado recinto oficial\u201d, indic\u00f3 Patricia Ulate.<\/p>\n","protected":false},"excerpt":{"rendered":"<p>\u201cLas personas que trabajan por los derechos y la inclusi\u00f3n de las personas con discapacidad son un ejemplo de la generosidad que caracteriza a los chihuahuenses\u201d, expres\u00f3 la regidora Patricia Ulate Bernal tras dar a conocer que en breve ser\u00e1n seleccionados los ganadores de la segunda edici\u00f3n del Premio Municipal Chihuahua por la Inclusi\u00f3n Social [&hellip;]<\/p>\n","protected":false},"author":1,"featured_media":43558,"comment_status":"closed","ping_status":"closed","sticky":false,"template":"","format":"standard","meta":{"rop_custom_images_group":[],"rop_custom_messages_group":[],"rop_publish_now":"initial","rop_publish_now_accounts":[],"rop_publish_now_history":[],"rop_publish_now_status":"pending","footnotes":""},"categories":[67],"tags":[23],"class_list":["post-43557","post","type-post","status-publish","format-standard","has-post-thumbnail","hentry","category-ciudad","tag-destacado"],"_links":{"self":[{"href":"https:\/\/notiissa.mx\/index.php?rest_route=\/wp\/v2\/posts\/43557","targetHints":{"allow":["GET"]}}],"collection":[{"href":"https:\/\/notiissa.mx\/index.php?rest_route=\/wp\/v2\/posts"}],"about":[{"href":"https:\/\/notiissa.mx\/index.php?rest_route=\/wp\/v2\/types\/post"}],"author":[{"embeddable":true,"href":"https:\/\/notiissa.mx\/index.php?rest_route=\/wp\/v2\/users\/1"}],"replies":[{"embeddable":true,"href":"https:\/\/notiissa.mx\/index.php?rest_route=%2Fwp%2Fv2%2Fcomments&post=43557"}],"version-history":[{"count":1,"href":"https:\/\/notiissa.mx\/index.php?rest_route=\/wp\/v2\/posts\/43557\/revisions"}],"predecessor-version":[{"id":43559,"href":"https:\/\/notiissa.mx\/index.php?rest_route=\/wp\/v2\/posts\/43557\/revisions\/43559"}],"wp:featuredmedia":[{"embeddable":true,"href":"https:\/\/notiissa.mx\/index.php?rest_route=\/wp\/v2\/media\/43558"}],"wp:attachment":[{"href":"https:\/\/notiissa.mx\/index.php?rest_route=%2Fwp%2Fv2%2Fmedia&parent=43557"}],"wp:term":[{"taxonomy":"category","embeddable":true,"href":"https:\/\/notiissa.mx\/index.php?rest_route=%2Fwp%2Fv2%2Fcategories&post=43557"},{"taxonomy":"post_tag","embeddable":true,"href":"https:\/\/notiissa.mx\/index.php?rest_route=%2Fwp%2Fv2%2Ftags&post=43557"}],"curies":[{"name":"wp","href":"https:\/\/api.w.org\/{rel}","templated":true}]}}