{"id":43508,"date":"2021-11-22T19:33:44","date_gmt":"2021-11-22T19:33:44","guid":{"rendered":"https:\/\/notiissa.mx\/?p=43508"},"modified":"2021-11-22T19:33:46","modified_gmt":"2021-11-22T19:33:46","slug":"lider-de-la-cnc-del-pri-viola-derechos-laborales-de-empleados","status":"publish","type":"post","link":"https:\/\/notiissa.mx\/?p=43508","title":{"rendered":"L\u00cdDER DE LA CNC DEL PRI, VIOLA DERECHOS LABORALES DE EMPLEADOS"},"content":{"rendered":"\n<p>\u00b7<strong>Empleados de base exigen que la organizaci\u00f3n campesina les pague salarios vencidos desde 2020<\/strong>.<\/p>\n\n\n\n<p>\u00b7<strong>Fueron dados de baja en el IMSS en los peores momentos de la pandemia<\/strong>.<\/p>\n\n\n\n<p>Empleados y trabajadores que prestan servicios laborales de base en la Confederaci\u00f3n Nacional Campesina \u2013filial del PRI\u2014formalmente dirigida por el diputado federal por Durango, Ismael Hern\u00e1ndez Deras, con antig\u00fcedades de entre 20 y 30 a\u00f1os, fueron mandados a sus casas a inicios de 2020 por efectos de la pandemia de Covid 19. Actualmente la central permanece cerrada y nadie informa sobre su destino y menos de la posibilidad de cobrar el tiempo transcurrido sin sueldo.<\/p>\n\n\n\n<p>Mar\u00eda Elena G\u00f3mez Alc\u00e1ntara y Julio Almaz\u00e1n Trejo, representantes de los trabajadores afirman que, en marzo de 2020, fueron notificados de que la organizaci\u00f3n campesina cerrar\u00eda por un periodo de 40 d\u00edas sus instalaciones, en tanto se observar\u00eda el comportamiento de la pandemia y con el prop\u00f3sito de evitar contagios. Les advirtieron que, posteriormente, se reincorporar\u00edan a sus labores. Esta situaci\u00f3n, hasta el momento, no se ha cumplido, sin ninguna raz\u00f3n o justificaci\u00f3n de parte del dirigente o de alg\u00fan representante.<\/p>\n\n\n\n<p>Esta situaci\u00f3n se ha agravado en las \u00faltimas semanas, debido a que los trabajadores \u2013en su mayor\u00eda con edades que sobrepasan los 65 a\u00f1os\u2014han recibido amenazas en sus propios hogares y llamadas telef\u00f3nicas para advertirles que depongan sus intenciones de cobro de salarios ca\u00eddos y que no se les ocurra poner demandas ante la Secretar\u00eda del Trabajo.<\/p>\n\n\n\n<p>La secretaria de Finanzas y Administraci\u00f3n de la CNC, Alma Ver\u00f3nica Ortiz Gallardo, por instrucciones precisas del dirigente Ismael Hern\u00e1ndez Deras, no recibe a los inconformes, dej\u00f3 de recibir llamadas y de contestar mensajes, esta mujer se ha convertido en el pararrayos del titular de la otrora prestigiosa organizaci\u00f3n.<\/p>\n\n\n\n<p>Manifestaron su contrariedad por la falta de seriedad del diputado Hern\u00e1ndez Deras, quien se comprometi\u00f3 a pagar sueldos a los empleados de base y de confianza que cotizaban en el Instituto Mexicano del Seguro Social. Sin embargo, dijeron, esta promesa del legislador no se cumpli\u00f3, porque la CNC dej\u00f3 de pagar las aportaciones de sus trabajadores al IMSS, sin ninguna notificaci\u00f3n a los interesados y as\u00ed transcurrieron varios meses, hasta que se enteraron cuando algunos de ellos requirieron de los servicios m\u00e9dicos, con el resultado del aviso de que hab\u00edan sido dados de baja de la instituci\u00f3n m\u00e9dica varios meses atr\u00e1s.<\/p>\n\n\n\n<p>Desesperados por las deudas que vienen arrastrando y sin percibir ingreso alguno, los trabajadores de la CNC exigen el pago del tiempo transcurrido y su reinstalaci\u00f3n en el trabajo, por virtud de que ellos no son culpables ni de la pandemia ni del destino operativo de la CNC como filial del PRI. S\u00f3lo exigen que se respeten los compromisos entre el dirigente de esa central y los trabajadores que han dejado gran parte de sus vidas al servicio de la organizaci\u00f3n y de los campesinos integrantes.<\/p>\n\n\n\n<p>Reclaman el reconocimiento de su tiempo de trabajo y su reinstalaci\u00f3n en su planta laboral; el pago de salarios ca\u00eddos y su reinscripci\u00f3n al IMSS y los derechos derivados en materia de vivienda y pr\u00e9stamos personales que ofrece esta instituci\u00f3n a los trabajadores de todo tipo.<\/p>\n\n\n\n<p>Los trabajadores y empleados de la CNC est\u00e1n en proceso de organizaci\u00f3n con varias vertientes, en caso de que contin\u00fae la actitud del diputado Hern\u00e1ndez Deras, de cerrar las puertas al di\u00e1logo y la concertaci\u00f3n. Tambi\u00e9n, esperan presentar en breve una demanda laboral ante las autoridades de la Secretar\u00eda del Trabajo; asimismo, informar sobre sus gestiones, a trav\u00e9s de los diferentes medios de comunicaci\u00f3n, a la opini\u00f3n p\u00fablica en busca de solidaridad y de justicia en sus gestiones.<\/p>\n\n\n\n<p>En otro orden, manifestaron su inconformidad por la pasividad del legislador Ismael Hern\u00e1ndez Deras, en defensa de su partido y de la propia CNC. \u201cTiene que hacer algo, porque una organizaci\u00f3n de lucha social campesina desde 1937, \u201cno puede morir sin mover un dedo. Si no puede, que se haga a un lado\u201d. No se ha dignado a presentarse ante los trabajadores para explicar lo que ocurre.<\/p>\n\n\n\n<p>En resumen, expresaron los trabajadores de la CNC, que, primero les redujeron el salario y suspendieron el aguinaldo correspondiente a 2020. Y este a\u00f1o, de enero a la fecha, simplemente no han recibido un solo centavo de su sueldo.<\/p>\n\n\n\n<p>De esta manera, la CNC dej\u00f3 a la deriva a trabajadores que, por enfermedades graves, dependen de los servicios de Salud. Son personas con diabetes, hipertensi\u00f3n y enfermedades cardiacas que recib\u00edan con periodicidad sus tratamientos m\u00e9dicos, ahora perdieron sus derechos, su empleo y est\u00e1n a la deriva.<\/p>\n\n\n\n<p>Las declaraciones y opiniones expresadas en este art\u00edculo son de exclusiva investigaci\u00f3n y responsabilidad de su autor.<\/p>\n","protected":false},"excerpt":{"rendered":"<p>\u00b7Empleados de base exigen que la organizaci\u00f3n campesina les pague salarios vencidos desde 2020. \u00b7Fueron dados de baja en el IMSS en los peores momentos de la pandemia. Empleados y trabajadores que prestan servicios laborales de base en la Confederaci\u00f3n Nacional Campesina \u2013filial del PRI\u2014formalmente dirigida por el diputado federal por Durango, Ismael Hern\u00e1ndez Deras, [&hellip;]<\/p>\n","protected":false},"author":1,"featured_media":43509,"comment_status":"closed","ping_status":"closed","sticky":false,"template":"","format":"standard","meta":{"rop_custom_images_group":[],"rop_custom_messages_group":[],"rop_publish_now":"initial","rop_publish_now_accounts":[],"rop_publish_now_history":[],"rop_publish_now_status":"pending","footnotes":""},"categories":[61,77],"tags":[23],"class_list":["post-43508","post","type-post","status-publish","format-standard","has-post-thumbnail","hentry","category-economia","category-ni-lectoris","tag-destacado"],"_links":{"self":[{"href":"https:\/\/notiissa.mx\/index.php?rest_route=\/wp\/v2\/posts\/43508","targetHints":{"allow":["GET"]}}],"collection":[{"href":"https:\/\/notiissa.mx\/index.php?rest_route=\/wp\/v2\/posts"}],"about":[{"href":"https:\/\/notiissa.mx\/index.php?rest_route=\/wp\/v2\/types\/post"}],"author":[{"embeddable":true,"href":"https:\/\/notiissa.mx\/index.php?rest_route=\/wp\/v2\/users\/1"}],"replies":[{"embeddable":true,"href":"https:\/\/notiissa.mx\/index.php?rest_route=%2Fwp%2Fv2%2Fcomments&post=43508"}],"version-history":[{"count":1,"href":"https:\/\/notiissa.mx\/index.php?rest_route=\/wp\/v2\/posts\/43508\/revisions"}],"predecessor-version":[{"id":43510,"href":"https:\/\/notiissa.mx\/index.php?rest_route=\/wp\/v2\/posts\/43508\/revisions\/43510"}],"wp:featuredmedia":[{"embeddable":true,"href":"https:\/\/notiissa.mx\/index.php?rest_route=\/wp\/v2\/media\/43509"}],"wp:attachment":[{"href":"https:\/\/notiissa.mx\/index.php?rest_route=%2Fwp%2Fv2%2Fmedia&parent=43508"}],"wp:term":[{"taxonomy":"category","embeddable":true,"href":"https:\/\/notiissa.mx\/index.php?rest_route=%2Fwp%2Fv2%2Fcategories&post=43508"},{"taxonomy":"post_tag","embeddable":true,"href":"https:\/\/notiissa.mx\/index.php?rest_route=%2Fwp%2Fv2%2Ftags&post=43508"}],"curies":[{"name":"wp","href":"https:\/\/api.w.org\/{rel}","templated":true}]}}