{"id":43471,"date":"2021-11-20T18:50:23","date_gmt":"2021-11-20T18:50:23","guid":{"rendered":"https:\/\/notiissa.mx\/?p=43471"},"modified":"2021-11-20T18:50:24","modified_gmt":"2021-11-20T18:50:24","slug":"cancun-encara-un-historico-lleno-hotelero-en-invierno","status":"publish","type":"post","link":"https:\/\/notiissa.mx\/?p=43471","title":{"rendered":"Canc\u00fan encara un hist\u00f3rico lleno hotelero en invierno"},"content":{"rendered":"\n<p>Canc\u00fan encara un hist\u00f3rico lleno hotelero en invierno. Roberto Cintr\u00f3n G\u00f3mez, presidente de la Asociaci\u00f3n de Hoteles de Canc\u00fan, Puerto Morelos e Isla Mujeres, dijo que se podr\u00e1&nbsp;alcanzar incluso un 100 por ciento de ocupaci\u00f3n en las vacaciones de invierno. \u201cNosotros estamos promocionando las siguientes temporadas, as\u00ed como el poder mejorar las tarifas\u201d, apunt\u00f3.<\/p>\n\n\n\n<p>El gobernador de Quintana Roo, Carlos Joaqu\u00edn Gonz\u00e1lez, destac\u00f3 que la recuperaci\u00f3n econ\u00f3mica del estado va por buen camino y que Canc\u00fan registra una ocupaci\u00f3n hotelera del 73 por ciento. \u201cTuvimos un verano muy importante con m\u00e1s de 3 millones de turistas y esperamos un invierno entre 90 y 100 por ciento. Recuperamos la industria de cruceros, m\u00e1s de 80 mil pasajeros tuvimos la semana pasada\u201d, indic\u00f3.<\/p>\n\n\n\n<p>Dario Flota, director del Consejo de Promoci\u00f3n Tur\u00edstica de Quintana Roo, en el marco del Tianguis Tur\u00edstico M\u00e9rida 2021, destac\u00f3 de que a 15 meses de haber reabierto, esperan concluir el a\u00f1o en el Caribe Mexicano con una ocupaci\u00f3n de alrededor del 90%, y con n\u00fameros totales solo por debajo de un 20% a los n\u00fameros que se ten\u00edan en 2019.<\/p>\n\n\n\n<p>\u201cEl 90% es una cifra muy buena y nosotros esperamos que en 2022 ya estemos alcanzando los n\u00fameros que ten\u00edamos hasta antes de la pandemia\u201d, agreg\u00f3 Flota.<\/p>\n\n\n\n<p>Se\u00f1al\u00f3 que las noticias positivas no dejan de ocurrir en el destino, ya que hay aperturas, premios y crecimiento, sin embargo tambi\u00e9n han enfrentado los temas de inseguridad, y han identificado y detenido a los responsables. \u201cCreo que el anuncio de la creaci\u00f3n de un batall\u00f3n especial para dar atenci\u00f3n a&nbsp; las zonas tur\u00edsticas, traer\u00e1 confianza y tranquilidad en la gente que nos visita\u201d.<\/p>\n\n\n\n<p>Flota asegur\u00f3 que Canc\u00fan es una ciudad de mucha gente migrante que ha llegado de varios estados de la Rep\u00fablica y de diferentes pa\u00edses por lo que en la pandemia muchos regresaron a su lugar de origen y ahora que est\u00e1n reabriendo&nbsp; los negocios hace falta personal, por lo que los hoteleros estar\u00e1n ofreciendo ferias de empleo para sumar personal.<\/p>\n\n\n\n<p>Orgulloso se\u00f1al\u00f3, que recibieron el vuelo de Aeroflot de Mosc\u00fa, y para el 16 de diciembre llegar\u00e1 el primer vuelo de Bogot\u00e1 a Canc\u00fan de Viva Aerobus. Asimismo dio a conocer que Chetumal estar\u00e1 de mantenles largos con la llegada del vuelo de Miami a Chetumal de American Airlines el d\u00eda 01 de diciembre. De hecho, manifest\u00f3 que ya se terminaron los trabajos de remodelaci\u00f3n. \u201cTenemos una terminal Internacional nueva, que estar\u00e1n probando los viajeros que vuelen por primera vez en el avi\u00f3n\u201d.<\/p>\n\n\n\n<p>A este Tianguis Tur\u00edstico&nbsp;lleg\u00f3 m\u00e1s gente que de costumbre del estado de Quintana Roo, ya que debido a la cercan\u00eda muchos pudieron cubrir la feria. \u201c180 personas, m\u00e1s de 3 mil citas establecidas, y las citas no establecidas\u201d.<\/p>\n\n\n\n<p>\u201cEsperamos que para el 2022 alcancemos las cifras que ten\u00edamos hasta antes de la pandemia\u201d, finaliz\u00f3.<\/p>\n\n\n\n<p>REPORTUR<\/p>\n","protected":false},"excerpt":{"rendered":"<p>Canc\u00fan encara un hist\u00f3rico lleno hotelero en invierno. Roberto Cintr\u00f3n G\u00f3mez, presidente de la Asociaci\u00f3n de Hoteles de Canc\u00fan, Puerto Morelos e Isla Mujeres, dijo que se podr\u00e1&nbsp;alcanzar incluso un 100 por ciento de ocupaci\u00f3n en las vacaciones de invierno. \u201cNosotros estamos promocionando las siguientes temporadas, as\u00ed como el poder mejorar las tarifas\u201d, apunt\u00f3. El [&hellip;]<\/p>\n","protected":false},"author":1,"featured_media":43472,"comment_status":"closed","ping_status":"closed","sticky":false,"template":"","format":"standard","meta":{"rop_custom_images_group":[],"rop_custom_messages_group":[],"rop_publish_now":"initial","rop_publish_now_accounts":[],"rop_publish_now_history":[],"rop_publish_now_status":"pending","footnotes":""},"categories":[75,61,66],"tags":[23],"class_list":["post-43471","post","type-post","status-publish","format-standard","has-post-thumbnail","hentry","category-actualidad","category-economia","category-estilo-de-vida","tag-destacado"],"_links":{"self":[{"href":"https:\/\/notiissa.mx\/index.php?rest_route=\/wp\/v2\/posts\/43471","targetHints":{"allow":["GET"]}}],"collection":[{"href":"https:\/\/notiissa.mx\/index.php?rest_route=\/wp\/v2\/posts"}],"about":[{"href":"https:\/\/notiissa.mx\/index.php?rest_route=\/wp\/v2\/types\/post"}],"author":[{"embeddable":true,"href":"https:\/\/notiissa.mx\/index.php?rest_route=\/wp\/v2\/users\/1"}],"replies":[{"embeddable":true,"href":"https:\/\/notiissa.mx\/index.php?rest_route=%2Fwp%2Fv2%2Fcomments&post=43471"}],"version-history":[{"count":1,"href":"https:\/\/notiissa.mx\/index.php?rest_route=\/wp\/v2\/posts\/43471\/revisions"}],"predecessor-version":[{"id":43473,"href":"https:\/\/notiissa.mx\/index.php?rest_route=\/wp\/v2\/posts\/43471\/revisions\/43473"}],"wp:featuredmedia":[{"embeddable":true,"href":"https:\/\/notiissa.mx\/index.php?rest_route=\/wp\/v2\/media\/43472"}],"wp:attachment":[{"href":"https:\/\/notiissa.mx\/index.php?rest_route=%2Fwp%2Fv2%2Fmedia&parent=43471"}],"wp:term":[{"taxonomy":"category","embeddable":true,"href":"https:\/\/notiissa.mx\/index.php?rest_route=%2Fwp%2Fv2%2Fcategories&post=43471"},{"taxonomy":"post_tag","embeddable":true,"href":"https:\/\/notiissa.mx\/index.php?rest_route=%2Fwp%2Fv2%2Ftags&post=43471"}],"curies":[{"name":"wp","href":"https:\/\/api.w.org\/{rel}","templated":true}]}}