{"id":43298,"date":"2021-11-14T21:14:04","date_gmt":"2021-11-14T21:14:04","guid":{"rendered":"https:\/\/notiissa.mx\/?p=43298"},"modified":"2021-11-14T21:14:05","modified_gmt":"2021-11-14T21:14:05","slug":"cancun-casi-7-mil-policias-son-insuficientes-en-ola-de-inseguridad","status":"publish","type":"post","link":"https:\/\/notiissa.mx\/?p=43298","title":{"rendered":"Canc\u00fan: casi 7 mil polic\u00edas son insuficientes en ola de inseguridad"},"content":{"rendered":"\n<p>El gobernador de Quintana Roo, Carlos Joaqu\u00edn Gonz\u00e1lez, ha admitido que los cerca de 7 mil efectivos policiales con los que cuenta el estado, entre polic\u00eda estatal y municipal, no son suficientes para contrarrestar la ola de violencia que vive el Caribe mexicano.<\/p>\n\n\n\n<p>Es as\u00ed como se ha reunido con el secretario de Defensa Nacional, general Luis Crescencio Sandoval, para solicitarle incrementar los elementos de la Guardia Nacional en los principales destinos tur\u00edsticos como Canc\u00fan, Playa del Carmen y Tulum, donde se han incrementado los hechos violentos en las \u00faltimas semanas.<\/p>\n\n\n\n<p>Tras la reuni\u00f3n, Gonz\u00e1lez ha explicado que hay un compromiso por parte de Defensa Nacional para aumentar el n\u00famero de elementos de la Guardia Nacional que trabajar\u00e1n en conjunto con el Ej\u00e9rcito mexicano y la Marina.<\/p>\n\n\n\n<p>Los \u00faltimos hechos violentos acontecidos en Canc\u00fan que dieron la vuelta al mundo, han movilizado a las autoridades para incrementar la presencia policial, pero est\u00e1 es a\u00fan insuficiente teniendo en cuenta la poblaci\u00f3n flotante debido a los turistas.<\/p>\n\n\n\n<p>Quintana Roo tiene 3.1 mil polic\u00edas por cada cien mil habitantes y la media nacional esta por debajo de 2.8, dijo el gobernador resaltado que con todo, es insuficiente debido a la cantidad de turistas que recibe el estado.<\/p>\n\n\n\n<p>Por su parte, la industria ha exigido ayuda del Gobierno para garantizar la seguridad de los viajeros. Sin embargo, defienden estos destinos argumentando que la inseguridad es mayor en otros puntos del Caribe, dice, <em>REPORTUR.mx<\/em>.<\/p>\n","protected":false},"excerpt":{"rendered":"<p>El gobernador de Quintana Roo, Carlos Joaqu\u00edn Gonz\u00e1lez, ha admitido que los cerca de 7 mil efectivos policiales con los que cuenta el estado, entre polic\u00eda estatal y municipal, no son suficientes para contrarrestar la ola de violencia que vive el Caribe mexicano. Es as\u00ed como se ha reunido con el secretario de Defensa Nacional, [&hellip;]<\/p>\n","protected":false},"author":1,"featured_media":43299,"comment_status":"closed","ping_status":"closed","sticky":false,"template":"","format":"standard","meta":{"rop_custom_images_group":[],"rop_custom_messages_group":[],"rop_publish_now":"initial","rop_publish_now_accounts":[],"rop_publish_now_history":[],"rop_publish_now_status":"pending","footnotes":""},"categories":[75,61,72],"tags":[23],"class_list":["post-43298","post","type-post","status-publish","format-standard","has-post-thumbnail","hentry","category-actualidad","category-economia","category-estado","tag-destacado"],"_links":{"self":[{"href":"https:\/\/notiissa.mx\/index.php?rest_route=\/wp\/v2\/posts\/43298","targetHints":{"allow":["GET"]}}],"collection":[{"href":"https:\/\/notiissa.mx\/index.php?rest_route=\/wp\/v2\/posts"}],"about":[{"href":"https:\/\/notiissa.mx\/index.php?rest_route=\/wp\/v2\/types\/post"}],"author":[{"embeddable":true,"href":"https:\/\/notiissa.mx\/index.php?rest_route=\/wp\/v2\/users\/1"}],"replies":[{"embeddable":true,"href":"https:\/\/notiissa.mx\/index.php?rest_route=%2Fwp%2Fv2%2Fcomments&post=43298"}],"version-history":[{"count":1,"href":"https:\/\/notiissa.mx\/index.php?rest_route=\/wp\/v2\/posts\/43298\/revisions"}],"predecessor-version":[{"id":43300,"href":"https:\/\/notiissa.mx\/index.php?rest_route=\/wp\/v2\/posts\/43298\/revisions\/43300"}],"wp:featuredmedia":[{"embeddable":true,"href":"https:\/\/notiissa.mx\/index.php?rest_route=\/wp\/v2\/media\/43299"}],"wp:attachment":[{"href":"https:\/\/notiissa.mx\/index.php?rest_route=%2Fwp%2Fv2%2Fmedia&parent=43298"}],"wp:term":[{"taxonomy":"category","embeddable":true,"href":"https:\/\/notiissa.mx\/index.php?rest_route=%2Fwp%2Fv2%2Fcategories&post=43298"},{"taxonomy":"post_tag","embeddable":true,"href":"https:\/\/notiissa.mx\/index.php?rest_route=%2Fwp%2Fv2%2Ftags&post=43298"}],"curies":[{"name":"wp","href":"https:\/\/api.w.org\/{rel}","templated":true}]}}