{"id":43286,"date":"2021-11-14T19:48:41","date_gmt":"2021-11-14T19:48:41","guid":{"rendered":"https:\/\/notiissa.mx\/?p=43286"},"modified":"2021-11-14T19:48:42","modified_gmt":"2021-11-14T19:48:42","slug":"se-suma-municipio-a-sensibilizacion-por-dia-mundial-de-la-diabetes","status":"publish","type":"post","link":"https:\/\/notiissa.mx\/?p=43286","title":{"rendered":"Se suma Municipio a sensibilizaci\u00f3n por D\u00eda Mundial de la Diabetes"},"content":{"rendered":"\n<p><\/p>\n\n\n\n<p><em>&#8211; Se promueve la importancia de conocer la enfermedad y el estar pendientes de su salud<\/em>.<\/p>\n\n\n\n<p>Ciudad de Chihuahua.- En el marco de los primero 100 d\u00edas de trabajo, el Gobierno Municipal, se une a la campa\u00f1a de sensibilizaci\u00f3n por el D\u00eda Mundial de la Diabetes, enfermedad que se ha convertido en la segunda causa de muerte entre las mujeres y la tercera entre los hombres en M\u00e9xico.<\/p>\n\n\n\n<p>Desde el Municipio se generan campa\u00f1as que se\u00f1alan la importancia de tener conciencia sobre las afectaciones que esta enfermedad genera, asimismo, promueve en la ciudadan\u00eda la importancia de estar pendientes de su salud y la de su familia y acudir al m\u00e9dico cuando as\u00ed se requiera.<\/p>\n\n\n\n<p>La diabetes es un padecimiento en el cual el az\u00facar (o glucosa) en la sangre se encuentra en un nivel elevado. Esto se debe a que el cuerpo no produce o no utiliza adecuadamente la insulina, una hormona que ayuda a que las c\u00e9lulas transformen la glucosa (que proviene de los alimentos) en energ\u00eda. Sin la suficiente insulina, la glucosa se mantiene en la sangre y con el tiempo este exceso puede tener complicaciones graves.<\/p>\n\n\n\n<p>Los tipos de esta enfermedad son:<\/p>\n\n\n\n<ul class=\"wp-block-list\"><li><strong>Diabetes de tipo 1<\/strong>: se caracteriza por una producci\u00f3n deficiente de insulina y requiere la administraci\u00f3n diaria de esta hormona.<\/li><li><strong>Diabetes de tipo 2<\/strong>: se debe a una utilizaci\u00f3n ineficaz de la insulina. Este tipo representa la mayor\u00eda de los casos mundiales y se debe en gran medida a un peso corporal excesivo y a la inactividad f\u00edsica.<\/li><li><strong>La diabetes gestacional<\/strong> se caracteriza por hiperglucemia (aumento del az\u00facar en la sangre) que aparece durante el embarazo y alcanza valores que, pese a ser superiores a los normales, son inferiores a los establecidos para diagnosticar una diabetes.<\/li><\/ul>\n\n\n\n<p>Entre las medidas que se pueden seguir para prevenir la aparici\u00f3n de la diabetes se encuentran tener una alimentaci\u00f3n alta en fibra, moderar el consumo de los alimentos con alto contenido cal\u00f3rico y de carbohidratos, realizar al menos 30&nbsp;minutos de actividad f\u00edsica la mayor\u00eda de los d\u00edas, mantener un peso saludable, moderar el consumo de alcohol, disminuir los alimentos altos en grasas saturadas, evitar las bebidas azucaradas y refrescos, no fumar y acudir peri\u00f3dicamente al m\u00e9dico para realizarse pruebas de glucosa en sangre.<\/p>\n\n\n\n<p>Con el tiempo, la diabetes puede ocasionar: ceguera, debido a las lesiones en los vasos sangu\u00edneos de los ojos; aumento del riesgo de padecer cardiopat\u00edas y accidentes cerebrovasculares, como embolia; insuficiencia renal, por el da\u00f1o al tejido de los ri\u00f1ones; impotencia sexual, por el da\u00f1o al sistema nervioso y amputaciones, por las lesiones que ocasiona en los pies.<\/p>\n\n\n\n<p>Finalmente, si se presentan los siguientes s\u00edntoma, se recomienda acudir con su m\u00e9dico:<\/p>\n\n\n\n<ul class=\"wp-block-list\"><li>Necesidad de orinar con frecuencia<\/li><li>P\u00e9rdida de peso<\/li><li>Sed excesiva<\/li><li>Cansacio<\/li><li>Visi\u00f3n borrosa<\/li><li>Aumento de la sensaci\u00f3n de hambre<\/li><li>Hormigueo, dolo o entumecimiento en manos y pies.<\/li><\/ul>\n","protected":false},"excerpt":{"rendered":"<p>&#8211; Se promueve la importancia de conocer la enfermedad y el estar pendientes de su salud. Ciudad de Chihuahua.- En el marco de los primero 100 d\u00edas de trabajo, el Gobierno Municipal, se une a la campa\u00f1a de sensibilizaci\u00f3n por el D\u00eda Mundial de la Diabetes, enfermedad que se ha convertido en la segunda causa [&hellip;]<\/p>\n","protected":false},"author":1,"featured_media":43287,"comment_status":"closed","ping_status":"closed","sticky":false,"template":"","format":"standard","meta":{"rop_custom_images_group":[],"rop_custom_messages_group":[],"rop_publish_now":"initial","rop_publish_now_accounts":[],"rop_publish_now_history":[],"rop_publish_now_status":"pending","footnotes":""},"categories":[67,72,71],"tags":[23],"class_list":["post-43286","post","type-post","status-publish","format-standard","has-post-thumbnail","hentry","category-ciudad","category-estado","category-salud","tag-destacado"],"_links":{"self":[{"href":"https:\/\/notiissa.mx\/index.php?rest_route=\/wp\/v2\/posts\/43286","targetHints":{"allow":["GET"]}}],"collection":[{"href":"https:\/\/notiissa.mx\/index.php?rest_route=\/wp\/v2\/posts"}],"about":[{"href":"https:\/\/notiissa.mx\/index.php?rest_route=\/wp\/v2\/types\/post"}],"author":[{"embeddable":true,"href":"https:\/\/notiissa.mx\/index.php?rest_route=\/wp\/v2\/users\/1"}],"replies":[{"embeddable":true,"href":"https:\/\/notiissa.mx\/index.php?rest_route=%2Fwp%2Fv2%2Fcomments&post=43286"}],"version-history":[{"count":1,"href":"https:\/\/notiissa.mx\/index.php?rest_route=\/wp\/v2\/posts\/43286\/revisions"}],"predecessor-version":[{"id":43288,"href":"https:\/\/notiissa.mx\/index.php?rest_route=\/wp\/v2\/posts\/43286\/revisions\/43288"}],"wp:featuredmedia":[{"embeddable":true,"href":"https:\/\/notiissa.mx\/index.php?rest_route=\/wp\/v2\/media\/43287"}],"wp:attachment":[{"href":"https:\/\/notiissa.mx\/index.php?rest_route=%2Fwp%2Fv2%2Fmedia&parent=43286"}],"wp:term":[{"taxonomy":"category","embeddable":true,"href":"https:\/\/notiissa.mx\/index.php?rest_route=%2Fwp%2Fv2%2Fcategories&post=43286"},{"taxonomy":"post_tag","embeddable":true,"href":"https:\/\/notiissa.mx\/index.php?rest_route=%2Fwp%2Fv2%2Ftags&post=43286"}],"curies":[{"name":"wp","href":"https:\/\/api.w.org\/{rel}","templated":true}]}}