{"id":4313,"date":"2015-08-05T18:34:25","date_gmt":"2015-08-05T18:34:25","guid":{"rendered":"http:\/\/notiissa.mx\/?p=4313"},"modified":"2015-08-05T18:34:25","modified_gmt":"2015-08-05T18:34:25","slug":"francia-devolvera-a-rusia-el-anticipo-pagado-por-los-mistral","status":"publish","type":"post","link":"https:\/\/notiissa.mx\/?p=4313","title":{"rendered":"Francia devolver\u00e1 a Rusia el anticipo pagado por los Mistral"},"content":{"rendered":"<div class=\"arcticle-summary\">\n<p style=\"text-align: justify;\">Francia devolver\u00e1 \u00edntegramente a Rusia la cantidad abonada en concepto de anticipo por la compra de los buques Mistral, comunica el Palacio del El\u00edseo.<\/p>\n<\/div>\n<div class=\"arcticle-content\">\n<p style=\"text-align: justify;\">El Gobierno franc\u00e9s ha anunciado que ha alcanzado con Rusia un acuerdo de anulaci\u00f3n del contrato de compra de los buques <a href=\"http:\/\/actualidad.rt.com\/actualidad\/169392-buques-portahelicopteros-mistral-armada-francia\" target=\"_blank\" rel=\"up\">Mistral<\/a>, comunica <a href=\"http:\/\/vz.ru\/news\/2015\/8\/5\/759753.html\" target=\"_blank\">RIA Novosti<\/a>\u00a0citando al Palacio del El\u00edseo.<\/p>\n<p style=\"text-align: justify;\">El Palacio del El\u00edseo aclar\u00f3 que los buques construidos en el marco del contrato con Rusia quedar\u00e1n a disposici\u00f3n de Francia.<\/p>\n<p style=\"text-align: justify;\">El acuerdo lleg\u00f3 tras una conversaci\u00f3n telef\u00f3nica entre el presidente franc\u00e9s, <a href=\"http:\/\/actualidad.rt.com\/actualidad\/166200-francois-hollande-francia\" target=\"_blank\" rel=\"up\">Fran\u00e7ois Hollande<\/a>, y el mandatario ruso, <a href=\"http:\/\/actualidad.rt.com\/actualidad\/170507-vladimir-putin-presidente-rusia\" target=\"_blank\" rel=\"up\">Vlad\u00edmir Putin<\/a>.<\/p>\n<\/div>\n","protected":false},"excerpt":{"rendered":"<p>Francia devolver\u00e1 \u00edntegramente a Rusia la cantidad abonada en concepto de anticipo por la compra de los buques Mistral, comunica el Palacio del El\u00edseo. El Gobierno franc\u00e9s ha anunciado que ha alcanzado con Rusia un acuerdo de anulaci\u00f3n del contrato de compra de los buques Mistral, comunica RIA Novosti\u00a0citando al Palacio del El\u00edseo. El Palacio [&hellip;]<\/p>\n","protected":false},"author":1,"featured_media":4314,"comment_status":"open","ping_status":"open","sticky":false,"template":"","format":"standard","meta":{"rop_custom_images_group":[],"rop_custom_messages_group":[],"rop_publish_now":"initial","rop_publish_now_accounts":[],"rop_publish_now_history":[],"rop_publish_now_status":"pending","footnotes":""},"categories":[60],"tags":[],"class_list":["post-4313","post","type-post","status-publish","format-standard","has-post-thumbnail","hentry","category-sonnoticia"],"_links":{"self":[{"href":"https:\/\/notiissa.mx\/index.php?rest_route=\/wp\/v2\/posts\/4313","targetHints":{"allow":["GET"]}}],"collection":[{"href":"https:\/\/notiissa.mx\/index.php?rest_route=\/wp\/v2\/posts"}],"about":[{"href":"https:\/\/notiissa.mx\/index.php?rest_route=\/wp\/v2\/types\/post"}],"author":[{"embeddable":true,"href":"https:\/\/notiissa.mx\/index.php?rest_route=\/wp\/v2\/users\/1"}],"replies":[{"embeddable":true,"href":"https:\/\/notiissa.mx\/index.php?rest_route=%2Fwp%2Fv2%2Fcomments&post=4313"}],"version-history":[{"count":1,"href":"https:\/\/notiissa.mx\/index.php?rest_route=\/wp\/v2\/posts\/4313\/revisions"}],"predecessor-version":[{"id":4315,"href":"https:\/\/notiissa.mx\/index.php?rest_route=\/wp\/v2\/posts\/4313\/revisions\/4315"}],"wp:featuredmedia":[{"embeddable":true,"href":"https:\/\/notiissa.mx\/index.php?rest_route=\/wp\/v2\/media\/4314"}],"wp:attachment":[{"href":"https:\/\/notiissa.mx\/index.php?rest_route=%2Fwp%2Fv2%2Fmedia&parent=4313"}],"wp:term":[{"taxonomy":"category","embeddable":true,"href":"https:\/\/notiissa.mx\/index.php?rest_route=%2Fwp%2Fv2%2Fcategories&post=4313"},{"taxonomy":"post_tag","embeddable":true,"href":"https:\/\/notiissa.mx\/index.php?rest_route=%2Fwp%2Fv2%2Ftags&post=4313"}],"curies":[{"name":"wp","href":"https:\/\/api.w.org\/{rel}","templated":true}]}}