{"id":4306,"date":"2015-08-05T18:15:27","date_gmt":"2015-08-05T18:15:27","guid":{"rendered":"http:\/\/notiissa.mx\/?p=4306"},"modified":"2015-08-05T18:15:27","modified_gmt":"2015-08-05T18:15:27","slug":"las-primarias-en-argentina-o-la-dificil-tarea-de-suceder-a-cristina-fernandez","status":"publish","type":"post","link":"https:\/\/notiissa.mx\/?p=4306","title":{"rendered":"Las primarias en Argentina o la dif\u00edcil tarea de suceder a Cristina Fern\u00e1ndez"},"content":{"rendered":"<div class=\"arcticle-summary\">\n<p style=\"text-align: justify;\">Argentina tiene el pr\u00f3ximo domingo una cita con las urnas para elegir a los candidatos que competir\u00e1n en las elecciones del 25 de octubre. Una pr\u00e1ctica relativamente nueva en la vida pol\u00edtica argentina, ya que se trata solo de la tercera vez que se realizan unas primarias.<\/p>\n<\/div>\n<div class=\"arcticle-content\">\n<p style=\"text-align: justify;\">Faltan solo unas horas para que finalice la campa\u00f1a de las primarias que se celebran este domingo en Argentina. M\u00e1s de 32 millones de votantes escoger\u00e1n a los candidatos para m\u00faltiples puestos, desde el presidente hasta los consejeros escolares. Los elegidos para la carrera presidencial luchar\u00e1n el 25 de octubre por sustituir a <a href=\"http:\/\/actualidad.rt.com\/actualidad\/167591-cristina-fernandez-kirchner-argentina\" target=\"_blank\" rel=\"up\">Cristina Fern\u00e1ndez de Kirchner<\/a>, que termina un periodo de dos mandatos.<\/p>\n<p style=\"text-align: justify;\">En esta primera etapa de la contienda electoral compiten 15 candidatos de los cuales sobresalen <a href=\"http:\/\/actualidad.rt.com\/video\/178058-argentina-partido-oficialista-unico-candidato\" target=\"_blank\">Daniel Scioli<\/a>, del oficialismo, y Mauricio Macri, de la oposici\u00f3n. Dos fuerzas pol\u00edticas que, seg\u00fan apuntan los expertos, representan a sectores distintos de la sociedad.<\/p>\n<p style=\"text-align: justify;\">As\u00ed presenta el analista pol\u00edtico Nicol\u00e1s Tereschuk a <strong>Daniel Scioli<\/strong> en una enrevista a RT:<\/p>\n<p style=\"text-align: justify;\">\u00abEs un poco viejo conocido de la pol\u00edtica porque hace ocho a\u00f1os que gobierna la provincia de Buenos Aires (\u2026). La estructura del Partido Justicialista, sus colegas de gobernadores justicialistas y Carlos Zannini, hasta ahora secretario legal y t\u00e9cnico de la Presidencia, expresando m\u00e1s a este sector del kichnerismo, que est\u00e1 integrado por organizaciones juveniles, por organizaciones sociales, por distintos sectores\u00bb.<\/p>\n<p style=\"text-align: justify;\">Y la &#8216;tarjeta de presentaci\u00f3n&#8217; de <strong>Mauricio Macri<\/strong>: \u00abEs el jefe del gobierno de ciudad de Buenos Aires, el fundador del partido PRO, y que expresa una opci\u00f3n m\u00e1s de centroderecha, m\u00e1s liberal, que quiere m\u00e1s al mercado que al Estado, est\u00e1 mucho menos vinculado a los sindicatos, mucho menos vinculado a los movimientos sociales\u2026 Lo que podr\u00eda estar ocurriendo es que \u00e9l va estar pudiendo recomponer una cantidad de votos importante para este sector no peronista\u00bb.<\/p>\n<p style=\"text-align: justify;\">El trasfondo pol\u00edtico de las elecciones tiene como eje principal las dos propuestas bien diferenciadas entre el oficialismo y la oposici\u00f3n. Desde ambos sectores resaltan las conquistas de sus gobiernos y la mirada hacia el futuro.<\/p>\n<p style=\"text-align: justify;\">Sea cual fuere el futuro que le espera a la naci\u00f3n, varios analistas sostienen que el pr\u00f3ximo presidente tendr\u00e1 la dif\u00edcil tarea de suceder a una figura pol\u00edtica con un estilo marcado como la ha sido Cristina Kirchner que se retira con una alto nivel de aceptaci\u00f3n en la poblaci\u00f3n tras dos mandatos presidenciales.<\/p>\n<\/div>\n","protected":false},"excerpt":{"rendered":"<p>Argentina tiene el pr\u00f3ximo domingo una cita con las urnas para elegir a los candidatos que competir\u00e1n en las elecciones del 25 de octubre. Una pr\u00e1ctica relativamente nueva en la vida pol\u00edtica argentina, ya que se trata solo de la tercera vez que se realizan unas primarias. Faltan solo unas horas para que finalice la [&hellip;]<\/p>\n","protected":false},"author":1,"featured_media":4307,"comment_status":"open","ping_status":"open","sticky":false,"template":"","format":"standard","meta":{"rop_custom_images_group":[],"rop_custom_messages_group":[],"rop_publish_now":"initial","rop_publish_now_accounts":[],"rop_publish_now_history":[],"rop_publish_now_status":"pending","footnotes":""},"categories":[60],"tags":[],"class_list":["post-4306","post","type-post","status-publish","format-standard","has-post-thumbnail","hentry","category-sonnoticia"],"_links":{"self":[{"href":"https:\/\/notiissa.mx\/index.php?rest_route=\/wp\/v2\/posts\/4306","targetHints":{"allow":["GET"]}}],"collection":[{"href":"https:\/\/notiissa.mx\/index.php?rest_route=\/wp\/v2\/posts"}],"about":[{"href":"https:\/\/notiissa.mx\/index.php?rest_route=\/wp\/v2\/types\/post"}],"author":[{"embeddable":true,"href":"https:\/\/notiissa.mx\/index.php?rest_route=\/wp\/v2\/users\/1"}],"replies":[{"embeddable":true,"href":"https:\/\/notiissa.mx\/index.php?rest_route=%2Fwp%2Fv2%2Fcomments&post=4306"}],"version-history":[{"count":1,"href":"https:\/\/notiissa.mx\/index.php?rest_route=\/wp\/v2\/posts\/4306\/revisions"}],"predecessor-version":[{"id":4308,"href":"https:\/\/notiissa.mx\/index.php?rest_route=\/wp\/v2\/posts\/4306\/revisions\/4308"}],"wp:featuredmedia":[{"embeddable":true,"href":"https:\/\/notiissa.mx\/index.php?rest_route=\/wp\/v2\/media\/4307"}],"wp:attachment":[{"href":"https:\/\/notiissa.mx\/index.php?rest_route=%2Fwp%2Fv2%2Fmedia&parent=4306"}],"wp:term":[{"taxonomy":"category","embeddable":true,"href":"https:\/\/notiissa.mx\/index.php?rest_route=%2Fwp%2Fv2%2Fcategories&post=4306"},{"taxonomy":"post_tag","embeddable":true,"href":"https:\/\/notiissa.mx\/index.php?rest_route=%2Fwp%2Fv2%2Ftags&post=4306"}],"curies":[{"name":"wp","href":"https:\/\/api.w.org\/{rel}","templated":true}]}}