{"id":4303,"date":"2015-08-05T18:10:58","date_gmt":"2015-08-05T18:10:58","guid":{"rendered":"http:\/\/notiissa.mx\/?p=4303"},"modified":"2015-08-05T18:10:58","modified_gmt":"2015-08-05T18:10:58","slug":"obama-sin-un-acuerdo-con-iran-habra-otra-guerra-en-oriente-medio","status":"publish","type":"post","link":"https:\/\/notiissa.mx\/?p=4303","title":{"rendered":"Obama: \u00abSin un acuerdo con Ir\u00e1n habr\u00e1 otra guerra en Oriente Medio\u00bb"},"content":{"rendered":"<div class=\"arcticle-summary\">\n<p style=\"text-align: justify;\">En un discurso ofrecido el 5 de agosto en la Universidad Americana en Washington D.C. el mandatario estadounidense arremeti\u00f3 contra los cr\u00edticos del acuerdo nuclear con Ir\u00e1n, diciendo que aquellos que no quieren respaldarlo empujan Oriente Medio hacia una nueva guerra.<\/p>\n<\/div>\n<div class=\"arcticle-content\">\n<p style=\"text-align: justify;\">El presidente <a href=\"http:\/\/actualidad.rt.com\/actualidad\/166596-presidente-barack-obama-eeuu\" target=\"_blank\" rel=\"up\">Barack Obama<\/a>\u00a0ha advertido de que sin un <a href=\"http:\/\/actualidad.rt.com\/actualidad\/180071-detalles-acuerdo-nuclear-iran-sexteto\" target=\"_blank\" rel=\"up\">acuerdo nuclear con Ir\u00e1n<\/a>\u00a0habr\u00e1 otra guerra en Oriente Medio, informa el diario &#8216;<a href=\"https:\/\/www.washingtonpost.com\/world\/national-security\/obama-push-for-iran-nuclear-deal-evokes-echo-of-cold-war-outreach\/2015\/08\/05\/8d73873c-3b7d-11e5-8e98-115a3cf7d7ae_story.html\" target=\"_blank\">The Washington Post<\/a>&#8216;.<\/p>\n<p style=\"text-align: justify;\">A\u00f1adi\u00f3 tambi\u00e9n que aquellos que votaron a favor de la guerra en Irak ahora protestan contra el acuerdo nuclear con Ir\u00e1n.<\/p>\n<p style=\"text-align: justify;\">\u00abMuchas personas que argumentaron a favor de la guerra en Irak ahora se muestran contrarios al acuerdo nuclear con Ir\u00e1n\u00bb, declar\u00f3 el presidente.<\/p>\n<p style=\"text-align: justify;\">Obama hizo las declaraciones justo un d\u00eda despu\u00e9s de que Mitch McConnell, el l\u00edder de la mayor\u00eda republicana en el Senado, anunciara que la C\u00e1mara alta debatir\u00e1 el acuerdo nuclear con Ir\u00e1n en septiembre. Bajo la legislaci\u00f3n aprobada a principios de este a\u00f1o, el Senado puede tomar una resoluci\u00f3n de desaprobaci\u00f3n, aprobaci\u00f3n, o no hacer nada.\u00a0Muchos republicanos, entre ellos el presidente de la C\u00e1mara de Representantes, John Boehner, han dicho que no apoyan el acuerdo.<\/p>\n<p style=\"text-align: justify;\">Mientras tanto, Barack Obama especific\u00f3 que el acuerdo con Ir\u00e1n \u00abes el mejor acuerdo sobre la no proliferaci\u00f3n nuclear\u00bb desarrollado en la historia de la comunidad internacional.<\/p>\n<p style=\"text-align: justify;\">El 26 de julio el Gobierno estadounidense envi\u00f3 el texto del acuerdo con Ir\u00e1n\u00a0al Congreso, que por ley cuenta con 60 d\u00edas para examinar el documento. Despu\u00e9s, el Senado y la C\u00e1mara de Representantes deben aprobar o rechazar el acuerdo con la Rep\u00fablica Isl\u00e1mica, emitido en la forma de plan de acci\u00f3n conjunto integral.<\/p>\n<p style=\"text-align: justify;\">Tras unas largas negociaciones en Viena, los mediadores internacionales del Grupo 5+1 (Reino Unido, China, Francia, Rusia, EE.UU. y Alemania) e Ir\u00e1n alcanzaron \u00a0el 14 de julio un acuerdo final sobre el <a href=\"http:\/\/actualidad.rt.com\/actualidad\/166836-programa-nuclear-iran-energia\" target=\"_blank\" rel=\"up\">programa nuclear <\/a>de la Rep\u00fablica Isl\u00e1mica. El documento final, acompa\u00f1ado por cinco anexos, establece punto por punto las medidas que tendr\u00e1 que adoptar Ir\u00e1n en materia nuclear, as\u00ed como el r\u00e9gimen de las sanciones internacionales. Asimismo, se detalla un plan de implementaci\u00f3n de dicho acuerdo y un mecanismo de resoluci\u00f3n de disputas.<\/p>\n<p style=\"text-align: justify;\">De acuerdo con las provisiones generales expuestas en el Plan de Acci\u00f3n Integral Conjunto, su \u00abimplementaci\u00f3n completa asegurar\u00e1 la naturaleza exclusivamente pac\u00edfica del programa nuclear de Ir\u00e1n\u00bb. Por su parte, Ir\u00e1n reafirma que \u00abbajo ninguna circunstancia\u00bb intentar\u00e1 desarrollar o adquirir armas nucleares.<\/p>\n<\/div>\n","protected":false},"excerpt":{"rendered":"<p>En un discurso ofrecido el 5 de agosto en la Universidad Americana en Washington D.C. el mandatario estadounidense arremeti\u00f3 contra los cr\u00edticos del acuerdo nuclear con Ir\u00e1n, diciendo que aquellos que no quieren respaldarlo empujan Oriente Medio hacia una nueva guerra. El presidente Barack Obama\u00a0ha advertido de que sin un acuerdo nuclear con Ir\u00e1n\u00a0habr\u00e1 otra [&hellip;]<\/p>\n","protected":false},"author":1,"featured_media":4304,"comment_status":"open","ping_status":"open","sticky":false,"template":"","format":"standard","meta":{"rop_custom_images_group":[],"rop_custom_messages_group":[],"rop_publish_now":"initial","rop_publish_now_accounts":[],"rop_publish_now_history":[],"rop_publish_now_status":"pending","footnotes":""},"categories":[60],"tags":[],"class_list":["post-4303","post","type-post","status-publish","format-standard","has-post-thumbnail","hentry","category-sonnoticia"],"_links":{"self":[{"href":"https:\/\/notiissa.mx\/index.php?rest_route=\/wp\/v2\/posts\/4303","targetHints":{"allow":["GET"]}}],"collection":[{"href":"https:\/\/notiissa.mx\/index.php?rest_route=\/wp\/v2\/posts"}],"about":[{"href":"https:\/\/notiissa.mx\/index.php?rest_route=\/wp\/v2\/types\/post"}],"author":[{"embeddable":true,"href":"https:\/\/notiissa.mx\/index.php?rest_route=\/wp\/v2\/users\/1"}],"replies":[{"embeddable":true,"href":"https:\/\/notiissa.mx\/index.php?rest_route=%2Fwp%2Fv2%2Fcomments&post=4303"}],"version-history":[{"count":1,"href":"https:\/\/notiissa.mx\/index.php?rest_route=\/wp\/v2\/posts\/4303\/revisions"}],"predecessor-version":[{"id":4305,"href":"https:\/\/notiissa.mx\/index.php?rest_route=\/wp\/v2\/posts\/4303\/revisions\/4305"}],"wp:featuredmedia":[{"embeddable":true,"href":"https:\/\/notiissa.mx\/index.php?rest_route=\/wp\/v2\/media\/4304"}],"wp:attachment":[{"href":"https:\/\/notiissa.mx\/index.php?rest_route=%2Fwp%2Fv2%2Fmedia&parent=4303"}],"wp:term":[{"taxonomy":"category","embeddable":true,"href":"https:\/\/notiissa.mx\/index.php?rest_route=%2Fwp%2Fv2%2Fcategories&post=4303"},{"taxonomy":"post_tag","embeddable":true,"href":"https:\/\/notiissa.mx\/index.php?rest_route=%2Fwp%2Fv2%2Ftags&post=4303"}],"curies":[{"name":"wp","href":"https:\/\/api.w.org\/{rel}","templated":true}]}}