{"id":42940,"date":"2021-11-05T00:15:47","date_gmt":"2021-11-05T00:15:47","guid":{"rendered":"https:\/\/notiissa.mx\/?p=42940"},"modified":"2021-11-05T00:15:48","modified_gmt":"2021-11-05T00:15:48","slug":"los-cinco-compromisos-que-hizo-amlo-con-biden-para-enfrentar-el-cambio-climatico","status":"publish","type":"post","link":"https:\/\/notiissa.mx\/?p=42940","title":{"rendered":"Los cinco compromisos que hizo AMLO con Biden para enfrentar el cambio clim\u00e1tico"},"content":{"rendered":"\n<p>El presidente de M\u00e9xico Andres Manuel L\u00f3pez Obrador asegur\u00f3 que el programa Sembrando Vida ayudar\u00e1 a absorber 17,8 millones de toneladas de di\u00f3xido de carbono por a\u00f1o.<\/p>\n\n\n\n<p>El mandatario latinoamericano, comparti\u00f3  la\u00a0carta que le envi\u00f3 a su hom\u00f3logo estadounidense, Joe Biden, en la que le inform\u00f3 sobre los compromisos de su Administraci\u00f3n para enfrentar \u00abel grave problema del cambio clim\u00e1tico\u00bb.\u00a0<\/p>\n\n\n\n<p>En la misiva firmada el 26 de octubre, L\u00f3pez Obrador expres\u00f3 que como resultado del encuentro que sostuvo con John Kerry en Chiapas, en donde el enviado especial del mandatario estadounidense en materia de cambio clim\u00e1tico conoci\u00f3 el programa Sembrando Vida, M\u00e9xico tomar\u00eda las siguientes acciones en la reducci\u00f3n de contaminantes.\u00a0<\/p>\n\n\n\n<h3 class=\"wp-block-heading\">1. Extracci\u00f3n de petr\u00f3leo<\/h3>\n\n\n\n<p>L\u00f3pez Obrador se comprometi\u00f3 a que, al finalizar su gesti\u00f3n, <strong>M\u00e9xico solo producir\u00e1 el petr\u00f3leo y gas para satisfacer el consumo interno<\/strong>, y no para exportaci\u00f3n, \u00abcomo se ha realizado en los \u00faltimos 40 a\u00f1os\u00bb.&nbsp;La meta fijada es no extraer m\u00e1s de dos millones de barriles de crudo&nbsp;al d\u00eda.&nbsp;<\/p>\n\n\n\n<p>Adem\u00e1s, el mandatario hizo referencia a la modernizaci\u00f3n de seis refiner\u00edas que actualmente producen gasolinas, di\u00e9sel y otros derivados del petr\u00f3leo. As\u00ed, se elaborar\u00e1n combustibles con \u00abestricto apego a las normas ecol\u00f3gicas\u00bb.&nbsp;<\/p>\n\n\n\n<h3 class=\"wp-block-heading\">2. Energ\u00eda el\u00e9ctrica<\/h3>\n\n\n\n<p>La Comisi\u00f3n Federal de Electricidad (CFE)&nbsp;construir\u00e1&nbsp;en Puerto Pe\u00f1asco (Sonora) un parque de generaci\u00f3n de energ\u00eda, a trav\u00e9s de paneles solares,&nbsp;con capacidad para producir 1.000 megawatts, que ser\u00eda <strong>el m\u00e1s grande de Am\u00e9rica Latina<\/strong>.&nbsp;<\/p>\n\n\n\n<p>Por otra parte, la Administraci\u00f3n de L\u00f3pez Obrador planea modernizar 14 grandes hidroel\u00e9ctricas que tienen hasta 50 a\u00f1os de antig\u00fcedad, mediante el cambio de turbinas. Con esta operaci\u00f3n,&nbsp;<strong>M\u00e9xico producir\u00eda \u00abm\u00e1s energ\u00eda el\u00e9ctrica con el mismo caudal de agua\u00bb<\/strong>, apunt\u00f3 el mandatario en la misiva enviada a Biden.<\/p>\n\n\n\n<p>En detalle, se prev\u00e9 que la naci\u00f3n latinoamericana genere un 35 % en energ\u00edas renovables no contaminantes, tanto en el sector p\u00fablico como privado. Esto representa un aumento del 3,46 % de lo producido actualmente (31,54 %) por fuentes de energ\u00eda renovable (mayoritariamente por hidroel\u00e9ctricas).&nbsp;<\/p>\n\n\n\n<h3 class=\"wp-block-heading\">3. Sembrando Vida<\/h3>\n\n\n\n<p>L\u00f3pez Obrador reiter\u00f3 que su Administraci\u00f3n\u00a0ha puesto en marcha \u00abel<strong> m\u00e1s importante programa de reforestaci\u00f3n del mundo<\/strong>\u00ab, en referencia a Sembrando Vida, una pol\u00edtica que promueve la siembra de \u00e1rboles frutales y maderables, a la vez que mitiga la pobreza rural y combate las causas de la migraci\u00f3n.\u00a0<\/p>\n\n\n\n<p>Hasta ahora, mediante el programa&nbsp;se otorgan&nbsp;empleos a <strong>420.000&nbsp;jornaleros,<\/strong> que reciben un salario mensual de 5.000 pesos mensuales (unos 244 d\u00f3lares), para sembrar en sus propias parcelas. Para ello, se ha asignado&nbsp;un presupuesto anual de 1.300 millones de d\u00f3lares.&nbsp;<\/p>\n\n\n\n<p>Con este proyecto, de momento, se han sembrado <strong>800 millones de plantas<\/strong> de la meta de 1.100 millones planteada para 2022.\u00bbEn el per\u00edodo 2021-2030,<strong> estaremos absorbiendo 17,8 millones de toneladas <\/strong>de di\u00f3xido de carbono por a\u00f1o y contribuyendo a evitar la erosi\u00f3n de los suelos y la sobreexplotaci\u00f3n del agua\u00bb, dijo&nbsp;L\u00f3pez Obrador al respecto.&nbsp;<\/p>\n\n\n\n<h3 class=\"wp-block-heading\">Reducci\u00f3n de metano<\/h3>\n\n\n\n<p>M\u00e9xico se convirti\u00f3 en el primer pa\u00eds del mundo en&nbsp;reglamentar las emisiones de metano en toda la cadena de valor del sector hidrocarburos, seg\u00fan inform\u00f3 L\u00f3pez Obrador a Biden.&nbsp;<\/p>\n\n\n\n<p>Adem\u00e1s, la naci\u00f3n latinoamericana se sum\u00f3 al Compromiso Global de Metano para reducir, de manera colectiva, la emisi\u00f3n de gas metano en el corto plazo.\u00a0<\/p>\n\n\n\n<h3 class=\"wp-block-heading\">5. Miner\u00eda t\u00f3xica y agricultura<\/h3>\n\n\n\n<p>Por \u00faltimo, el presidente afirm\u00f3&nbsp;que desde el inicio de su mandato (1 de diciembre de 2018), el Gobierno no ha entregado \u00abni una sola concesi\u00f3n para la explotaci\u00f3n de la miner\u00eda t\u00f3xica que destruye el territorio con un severo impacto ambiental\u00bb.&nbsp;<\/p>\n\n\n\n<p>Asimismo, se prohibi\u00f3&nbsp;la explotaci\u00f3n en el subsuelo por medio del &#8216;fracking&#8217; o fracturaci\u00f3n hidr\u00e1ulica, que es utilizada para la extracci\u00f3n de hidrocarburos.<\/p>\n\n\n\n<p>En materia de agricultura, L\u00f3pez Obrador inform\u00f3 a su hom\u00f3logo estadounidense que <strong>M\u00e9xico prohibi\u00f3 la importaci\u00f3n y siembra del ma\u00edz transg\u00e9nico<\/strong> y que actualmente limita el uso de agroqu\u00edmicos en&nbsp;el campo.&nbsp;<\/p>\n\n\n\n<p>Hacia el final del texto, L\u00f3pez Obrador expres\u00f3 el compromiso de su Gobierno para \u00abevitar que el calentamiento global rebase el 1,5 grados cent\u00edgrados\u00bb.<\/p>\n\n\n\n<p>\u00abEs un compromiso que hacemos en nombre del pueblo y del Gobierno de M\u00e9xico por el bien del planeta y de la humanidad\u00bb, concluy\u00f3 el mandatario.<\/p>\n\n\n\n<p>RT<\/p>\n\n\n\n<p><\/p>\n","protected":false},"excerpt":{"rendered":"<p>El presidente de M\u00e9xico Andres Manuel L\u00f3pez Obrador asegur\u00f3 que el programa Sembrando Vida ayudar\u00e1 a absorber 17,8 millones de toneladas de di\u00f3xido de carbono por a\u00f1o. El mandatario latinoamericano, comparti\u00f3 la\u00a0carta que le envi\u00f3 a su hom\u00f3logo estadounidense, Joe Biden, en la que le inform\u00f3 sobre los compromisos de su Administraci\u00f3n para enfrentar \u00abel [&hellip;]<\/p>\n","protected":false},"author":1,"featured_media":42941,"comment_status":"closed","ping_status":"closed","sticky":false,"template":"","format":"standard","meta":{"rop_custom_images_group":[],"rop_custom_messages_group":[],"rop_publish_now":"initial","rop_publish_now_accounts":[],"rop_publish_now_history":[],"rop_publish_now_status":"pending","footnotes":""},"categories":[77,60],"tags":[23],"class_list":["post-42940","post","type-post","status-publish","format-standard","has-post-thumbnail","hentry","category-ni-lectoris","category-sonnoticia","tag-destacado"],"_links":{"self":[{"href":"https:\/\/notiissa.mx\/index.php?rest_route=\/wp\/v2\/posts\/42940","targetHints":{"allow":["GET"]}}],"collection":[{"href":"https:\/\/notiissa.mx\/index.php?rest_route=\/wp\/v2\/posts"}],"about":[{"href":"https:\/\/notiissa.mx\/index.php?rest_route=\/wp\/v2\/types\/post"}],"author":[{"embeddable":true,"href":"https:\/\/notiissa.mx\/index.php?rest_route=\/wp\/v2\/users\/1"}],"replies":[{"embeddable":true,"href":"https:\/\/notiissa.mx\/index.php?rest_route=%2Fwp%2Fv2%2Fcomments&post=42940"}],"version-history":[{"count":1,"href":"https:\/\/notiissa.mx\/index.php?rest_route=\/wp\/v2\/posts\/42940\/revisions"}],"predecessor-version":[{"id":42942,"href":"https:\/\/notiissa.mx\/index.php?rest_route=\/wp\/v2\/posts\/42940\/revisions\/42942"}],"wp:featuredmedia":[{"embeddable":true,"href":"https:\/\/notiissa.mx\/index.php?rest_route=\/wp\/v2\/media\/42941"}],"wp:attachment":[{"href":"https:\/\/notiissa.mx\/index.php?rest_route=%2Fwp%2Fv2%2Fmedia&parent=42940"}],"wp:term":[{"taxonomy":"category","embeddable":true,"href":"https:\/\/notiissa.mx\/index.php?rest_route=%2Fwp%2Fv2%2Fcategories&post=42940"},{"taxonomy":"post_tag","embeddable":true,"href":"https:\/\/notiissa.mx\/index.php?rest_route=%2Fwp%2Fv2%2Ftags&post=42940"}],"curies":[{"name":"wp","href":"https:\/\/api.w.org\/{rel}","templated":true}]}}