{"id":4292,"date":"2015-08-04T21:29:50","date_gmt":"2015-08-04T21:29:50","guid":{"rendered":"http:\/\/notiissa.mx\/?p=4292"},"modified":"2015-08-04T21:29:50","modified_gmt":"2015-08-04T21:29:50","slug":"revelan-el-plan-de-putin-para-combatir-al-estado-islamico","status":"publish","type":"post","link":"https:\/\/notiissa.mx\/?p=4292","title":{"rendered":"Revelan el plan de Putin para combatir al Estado Isl\u00e1mico"},"content":{"rendered":"<div class=\"arcticle-summary\">\n<p style=\"text-align: justify;\">El canciller ruso, Sergu\u00e9i Lavrov, dio a conocer por primera vez los pormenores del plan del presidente Vlad\u00edmir Putin para neutralizar al grupo terrorista el Estado Isl\u00e1mico. El programa de Mosc\u00fa prev\u00e9 la creaci\u00f3n de una amplia coalici\u00f3n con la participaci\u00f3n de los Ej\u00e9rcitos de Siria, Irak, los kurdos y los pa\u00edses de la regi\u00f3n.<\/p>\n<\/div>\n<div class=\"arcticle-content\">\n<p style=\"text-align: justify;\">El plan fue presentado este lunes en el marco de las negociaciones de los jefes de la diplomacia de Rusia, <a href=\"http:\/\/actualidad.rt.com\/actualidad\/164633-lavrov-politica-rusia\" target=\"_blank\" rel=\"up\">Sergu\u00e9i Lavrov<\/a>, EE.UU., <a href=\"http:\/\/actualidad.rt.com\/actualidad\/167829-john-kerry-eeuu-secretario-estado\" target=\"_blank\" rel=\"up\">John Kerry<\/a>,\u00a0y sus hom\u00f3logos de los pa\u00edses del golfo P\u00e9rsico. Las discusiones se centraron en\u00a0la lucha contra la organizaci\u00f3n yihadista\u00a0<a href=\"http:\/\/actualidad.rt.com\/actualidad\/164747-estado-islamico-irak-siria\" target=\"_blank\" rel=\"up\">Estado Isl\u00e1mico<\/a>, informa el diario ruso &#8216;<a href=\"http:\/\/www.kommersant.ru\/doc\/2781653\" target=\"_blank\">Kommersant<\/a>&#8216;.<\/p>\n<p style=\"text-align: justify;\">Sin embargo, este mismo d\u00eda <a href=\"http:\/\/actualidad.rt.com\/actualidad\/166596-presidente-barack-obama-eeuu\" target=\"_blank\" rel=\"up\">Barack Obama<\/a>, el presidente de Estados Unidos,\u00a0<a href=\"http:\/\/actualidad.rt.com\/actualidad\/181960-eeuu-defender-oposicion-siria-aviacion\" target=\"_blank\" rel=\"up\">autoriz\u00f3<\/a> el uso de la fuerza militar a\u00e9rea incluso contra las tropas\u00a0gubernamentales sirias\u00a0para, como\u00a0declararon\u00a0oficialmente, \u00abproteger\u00bb a la oposici\u00f3n del pa\u00eds \u00e1rabe. Este paso, creen varios expertos, conlleva un riesgo de confrontaci\u00f3n directa entre la potencia norteamericana y Siria.<\/p>\n<p style=\"text-align: justify;\">\u00abEn esta situaci\u00f3n, el plan propuesto por Mosc\u00fa podr\u00eda ser la \u00fanica alternativa viable a la <strong>implicaci\u00f3n\u00a0directa de EE.UU.<\/strong> en la guerra civil siria\u00bb, comenta el rotativo.<\/p>\n<p style=\"text-align: justify;\">Anteriormente,\u00a0a finales de junio, antes de su <a href=\"http:\/\/actualidad.rt.com\/video\/178837-rusia-siria-vecinos-dialogo-guerra\" target=\"_blank\" rel=\"up\">encuentro<\/a>\u00a0en Mosc\u00fa con el ministro sirio de Exteriores, <a href=\"http:\/\/actualidad.rt.com\/actualidad\/view\/148894-canciller-siria-terrorismo-coalicion-internacional\" target=\"_blank\" rel=\"up\">Walid Muallem<\/a>, <a href=\"http:\/\/actualidad.rt.com\/actualidad\/170507-vladimir-putin-presidente-rusia\" target=\"_blank\" rel=\"up\">Vlad\u00edmir Putin<\/a>\u00a0se\u00f1al\u00f3: \u00abCon el fin de luchar eficazmente contra el terrorismo, es necesario unir los esfuerzos de todos los pa\u00edses de la regi\u00f3n\u00bb.<\/p>\n<p style=\"text-align: justify;\">El mandatario\u00a0ruso luego admiti\u00f3 que \u00abla creaci\u00f3n de una coalici\u00f3n de este tipo no es una tarea f\u00e1cil, teniendo en cuenta todas las dificultades que tuvieron\u00a0los pa\u00edses de la regi\u00f3n en los a\u00f1os anteriores\u00bb. Vlad\u00edmir Putin asegur\u00f3 a su interlocutor que Mosc\u00fa tratar\u00e1 de \u00abutilizar sus buenas relaciones\u00bb con todos los interesados \u200b\u200bcon el fin de \u00abintentar de crear una coalici\u00f3n\u00bb.<\/p>\n<\/div>\n","protected":false},"excerpt":{"rendered":"<p>El canciller ruso, Sergu\u00e9i Lavrov, dio a conocer por primera vez los pormenores del plan del presidente Vlad\u00edmir Putin para neutralizar al grupo terrorista el Estado Isl\u00e1mico. El programa de Mosc\u00fa prev\u00e9 la creaci\u00f3n de una amplia coalici\u00f3n con la participaci\u00f3n de los Ej\u00e9rcitos de Siria, Irak, los kurdos y los pa\u00edses de la regi\u00f3n. [&hellip;]<\/p>\n","protected":false},"author":1,"featured_media":4293,"comment_status":"open","ping_status":"open","sticky":false,"template":"","format":"standard","meta":{"rop_custom_images_group":[],"rop_custom_messages_group":[],"rop_publish_now":"initial","rop_publish_now_accounts":[],"rop_publish_now_history":[],"rop_publish_now_status":"pending","footnotes":""},"categories":[60],"tags":[],"class_list":["post-4292","post","type-post","status-publish","format-standard","has-post-thumbnail","hentry","category-sonnoticia"],"_links":{"self":[{"href":"https:\/\/notiissa.mx\/index.php?rest_route=\/wp\/v2\/posts\/4292","targetHints":{"allow":["GET"]}}],"collection":[{"href":"https:\/\/notiissa.mx\/index.php?rest_route=\/wp\/v2\/posts"}],"about":[{"href":"https:\/\/notiissa.mx\/index.php?rest_route=\/wp\/v2\/types\/post"}],"author":[{"embeddable":true,"href":"https:\/\/notiissa.mx\/index.php?rest_route=\/wp\/v2\/users\/1"}],"replies":[{"embeddable":true,"href":"https:\/\/notiissa.mx\/index.php?rest_route=%2Fwp%2Fv2%2Fcomments&post=4292"}],"version-history":[{"count":1,"href":"https:\/\/notiissa.mx\/index.php?rest_route=\/wp\/v2\/posts\/4292\/revisions"}],"predecessor-version":[{"id":4294,"href":"https:\/\/notiissa.mx\/index.php?rest_route=\/wp\/v2\/posts\/4292\/revisions\/4294"}],"wp:featuredmedia":[{"embeddable":true,"href":"https:\/\/notiissa.mx\/index.php?rest_route=\/wp\/v2\/media\/4293"}],"wp:attachment":[{"href":"https:\/\/notiissa.mx\/index.php?rest_route=%2Fwp%2Fv2%2Fmedia&parent=4292"}],"wp:term":[{"taxonomy":"category","embeddable":true,"href":"https:\/\/notiissa.mx\/index.php?rest_route=%2Fwp%2Fv2%2Fcategories&post=4292"},{"taxonomy":"post_tag","embeddable":true,"href":"https:\/\/notiissa.mx\/index.php?rest_route=%2Fwp%2Fv2%2Ftags&post=4292"}],"curies":[{"name":"wp","href":"https:\/\/api.w.org\/{rel}","templated":true}]}}