{"id":42692,"date":"2021-10-28T17:48:36","date_gmt":"2021-10-28T17:48:36","guid":{"rendered":"https:\/\/notiissa.mx\/?p=42692"},"modified":"2021-10-28T17:48:37","modified_gmt":"2021-10-28T17:48:37","slug":"pide-mario-vazquez-integrar-parlamento-abierto-a-comision-de-feminicidios","status":"publish","type":"post","link":"https:\/\/notiissa.mx\/?p=42692","title":{"rendered":"Pide Mario V\u00e1zquez integrar parlamento abierto a Comisi\u00f3n de Feminicidios"},"content":{"rendered":"\n<p>Chihuahua.- Durante la sesi\u00f3n de la Comisi\u00f3n de Feminicidios,  el diputado coordinador del Grupo Parlamentario del Partido Acci\u00f3n Nacional (GPPAN), Mario V\u00e1zquez Robles solicit\u00f3 agregar modelo de parlamento abierto al plan de trabajo, ello a fin de integrar la participaci\u00f3n ciudadana en este tema de inter\u00e9s que es sensible para toda la sociedad.\u00a0<br><\/p>\n\n\n\n<p>\u201cUn tema que tenemos que estar resaltando es el tema de parlamento abierto, esto lo debemos estar integrando en todas las comisiones y en las actividades del Congreso del Estado, sobre todo en lo referente a temas tan sensibles como lo es el feminicidio\u201d, expres\u00f3 Mario V\u00e1zquez.\u00a0<\/p>\n\n\n\n<p><br>Asimismo, el diputado local solicit\u00f3 que se integra a la sociedad civil organizada en todas sus expresiones, es decir, que confluyan las diversas visiones para encontrar puntos de encuentro que den soluci\u00f3n a los asuntos que lleguen a la comisi\u00f3n.\u00a0<\/p>\n\n\n\n<p><br>Finalmente, por unanimidad de los presentes se aprob\u00f3 el plan de trabajo de la Comisi\u00f3n de Feminicidio en el desarrollo de la sesi\u00f3n celebrada en la Sala V\u00edctor Hugo Rasc\u00f3n Banda y que fue presidida por la diputada Adriana Terrazas, contando adem\u00e1s con la presencia de la diputada Mar\u00eda Antonieta Renter\u00eda y el diputado Gabriel Garc\u00eda Cant\u00fa.<\/p>\n","protected":false},"excerpt":{"rendered":"<p>Chihuahua.- Durante la sesi\u00f3n de la Comisi\u00f3n de Feminicidios, el diputado coordinador del Grupo Parlamentario del Partido Acci\u00f3n Nacional (GPPAN), Mario V\u00e1zquez Robles solicit\u00f3 agregar modelo de parlamento abierto al plan de trabajo, ello a fin de integrar la participaci\u00f3n ciudadana en este tema de inter\u00e9s que es sensible para toda la sociedad.\u00a0 \u201cUn tema [&hellip;]<\/p>\n","protected":false},"author":1,"featured_media":42693,"comment_status":"closed","ping_status":"closed","sticky":false,"template":"","format":"standard","meta":{"rop_custom_images_group":[],"rop_custom_messages_group":[],"rop_publish_now":"initial","rop_publish_now_accounts":[],"rop_publish_now_history":[],"rop_publish_now_status":"pending","footnotes":""},"categories":[67,72],"tags":[],"class_list":["post-42692","post","type-post","status-publish","format-standard","has-post-thumbnail","hentry","category-ciudad","category-estado"],"_links":{"self":[{"href":"https:\/\/notiissa.mx\/index.php?rest_route=\/wp\/v2\/posts\/42692","targetHints":{"allow":["GET"]}}],"collection":[{"href":"https:\/\/notiissa.mx\/index.php?rest_route=\/wp\/v2\/posts"}],"about":[{"href":"https:\/\/notiissa.mx\/index.php?rest_route=\/wp\/v2\/types\/post"}],"author":[{"embeddable":true,"href":"https:\/\/notiissa.mx\/index.php?rest_route=\/wp\/v2\/users\/1"}],"replies":[{"embeddable":true,"href":"https:\/\/notiissa.mx\/index.php?rest_route=%2Fwp%2Fv2%2Fcomments&post=42692"}],"version-history":[{"count":1,"href":"https:\/\/notiissa.mx\/index.php?rest_route=\/wp\/v2\/posts\/42692\/revisions"}],"predecessor-version":[{"id":42694,"href":"https:\/\/notiissa.mx\/index.php?rest_route=\/wp\/v2\/posts\/42692\/revisions\/42694"}],"wp:featuredmedia":[{"embeddable":true,"href":"https:\/\/notiissa.mx\/index.php?rest_route=\/wp\/v2\/media\/42693"}],"wp:attachment":[{"href":"https:\/\/notiissa.mx\/index.php?rest_route=%2Fwp%2Fv2%2Fmedia&parent=42692"}],"wp:term":[{"taxonomy":"category","embeddable":true,"href":"https:\/\/notiissa.mx\/index.php?rest_route=%2Fwp%2Fv2%2Fcategories&post=42692"},{"taxonomy":"post_tag","embeddable":true,"href":"https:\/\/notiissa.mx\/index.php?rest_route=%2Fwp%2Fv2%2Ftags&post=42692"}],"curies":[{"name":"wp","href":"https:\/\/api.w.org\/{rel}","templated":true}]}}