{"id":4254,"date":"2015-08-03T20:17:37","date_gmt":"2015-08-03T20:17:37","guid":{"rendered":"http:\/\/notiissa.mx\/?p=4254"},"modified":"2015-08-03T20:17:37","modified_gmt":"2015-08-03T20:17:37","slug":"como-era-nuestro-planeta-hace-600-millones-de-anos","status":"publish","type":"post","link":"https:\/\/notiissa.mx\/?p=4254","title":{"rendered":"\u00bfC\u00f3mo era nuestro planeta hace 600 millones de a\u00f1os?"},"content":{"rendered":"<p style=\"text-align: justify;\">En esta interesante obra <a href=\"http:\/\/dinosaurpictures.org\/ancient-earth\/#600\" target=\"_blank\">dinosaurpictures.org<\/a> presenta vistas panor\u00e1micas de la Tierra entre la aprici\u00f3n de la primera forma de vida pluricelular y la <a href=\"http:\/\/actualidad.rt.com\/ciencias\/160219-gigante-erupcion-volcanica-asteroide-extincion-dinosaurios\" target=\"_blank\" rel=\"up\">extinci\u00f3n de los dinosaurios<\/a>. Sin embargo, desde el punto de vista temporal aborda un per\u00edodo relativamente peque\u00f1o, el comprendido entre el Ediac\u00e1rico (el \u00faltimo per\u00edodo geol\u00f3gico de la Era Neoproterozoica) y el Ne\u00f3geno (per\u00edodo geol\u00f3gico mediano de la Era Cenozoica).<\/p>\n<p style=\"text-align: justify;\">Concretamente, la simulaci\u00f3n abarca un ciclo de entre 600 millones de a\u00f1os y 20 millones de a\u00f1os de antig\u00fcedad en que mam\u00edferos y aves se desarrollaron hasta adquirir el aspecto actual y en el que aparecieron en \u00c1frica los hom\u00ednidos tempranos. Como colof\u00f3n de este apasionante recorrido, el portal muestra la imagen de la Tierra como puede verse a <a href=\"http:\/\/actualidad.rt.com\/actualidad\/175218-desastres-naturales-catastrofes-cataclismos-tierra\" target=\"_blank\" rel=\"up\">d\u00eda de hoy<\/a>.<\/p>\n<p style=\"text-align: justify;\">Para ver el panorama en cada franja temporal, los autores ofrecen un desplegable. Con el movimiento del rat\u00f3n se puede hacer girar el globo terr\u00e1queo e incluso agrandar la imagen para verla en detalle.<\/p>\n","protected":false},"excerpt":{"rendered":"<p>En esta interesante obra dinosaurpictures.org presenta vistas panor\u00e1micas de la Tierra entre la aprici\u00f3n de la primera forma de vida pluricelular y la extinci\u00f3n de los dinosaurios. Sin embargo, desde el punto de vista temporal aborda un per\u00edodo relativamente peque\u00f1o, el comprendido entre el Ediac\u00e1rico (el \u00faltimo per\u00edodo geol\u00f3gico de la Era Neoproterozoica) y el [&hellip;]<\/p>\n","protected":false},"author":1,"featured_media":4255,"comment_status":"open","ping_status":"open","sticky":false,"template":"","format":"standard","meta":{"rop_custom_images_group":[],"rop_custom_messages_group":[],"rop_publish_now":"initial","rop_publish_now_accounts":[],"rop_publish_now_history":[],"rop_publish_now_status":"pending","footnotes":""},"categories":[68],"tags":[],"class_list":["post-4254","post","type-post","status-publish","format-standard","has-post-thumbnail","hentry","category-ciencia-tec"],"_links":{"self":[{"href":"https:\/\/notiissa.mx\/index.php?rest_route=\/wp\/v2\/posts\/4254","targetHints":{"allow":["GET"]}}],"collection":[{"href":"https:\/\/notiissa.mx\/index.php?rest_route=\/wp\/v2\/posts"}],"about":[{"href":"https:\/\/notiissa.mx\/index.php?rest_route=\/wp\/v2\/types\/post"}],"author":[{"embeddable":true,"href":"https:\/\/notiissa.mx\/index.php?rest_route=\/wp\/v2\/users\/1"}],"replies":[{"embeddable":true,"href":"https:\/\/notiissa.mx\/index.php?rest_route=%2Fwp%2Fv2%2Fcomments&post=4254"}],"version-history":[{"count":1,"href":"https:\/\/notiissa.mx\/index.php?rest_route=\/wp\/v2\/posts\/4254\/revisions"}],"predecessor-version":[{"id":4256,"href":"https:\/\/notiissa.mx\/index.php?rest_route=\/wp\/v2\/posts\/4254\/revisions\/4256"}],"wp:featuredmedia":[{"embeddable":true,"href":"https:\/\/notiissa.mx\/index.php?rest_route=\/wp\/v2\/media\/4255"}],"wp:attachment":[{"href":"https:\/\/notiissa.mx\/index.php?rest_route=%2Fwp%2Fv2%2Fmedia&parent=4254"}],"wp:term":[{"taxonomy":"category","embeddable":true,"href":"https:\/\/notiissa.mx\/index.php?rest_route=%2Fwp%2Fv2%2Fcategories&post=4254"},{"taxonomy":"post_tag","embeddable":true,"href":"https:\/\/notiissa.mx\/index.php?rest_route=%2Fwp%2Fv2%2Ftags&post=4254"}],"curies":[{"name":"wp","href":"https:\/\/api.w.org\/{rel}","templated":true}]}}