{"id":42293,"date":"2021-10-17T21:45:58","date_gmt":"2021-10-17T21:45:58","guid":{"rendered":"https:\/\/notiissa.mx\/?p=42293"},"modified":"2021-10-17T21:46:00","modified_gmt":"2021-10-17T21:46:00","slug":"todo-estuvo-al-limite-de-la-capacidad-humana-klim-shipenko","status":"publish","type":"post","link":"https:\/\/notiissa.mx\/?p=42293","title":{"rendered":"\u00abTodo estuvo al l\u00edmite de la capacidad humana\u00bb: Klim Shipenko"},"content":{"rendered":"\n<p> El equipo de rodaje ruso explica c\u00f3mo filmaron la primera pel\u00edcula en \u00f3rbita.<\/p>\n\n\n\n<p>El director Klim Shipenko y la actriz Yulia Peresild regresaron a Tierra este domingo tras pasar 12 d\u00edas en la Estaci\u00f3n Espacial Internacional (EEI), donde han logrado el hito pionero de grabar escenas para la primera pel\u00edcula rodada en el espacio.<\/p>\n\n\n\n<p>La actriz Yulia Peresild y el director\u00a0Klim Shipenko han compartido con RT su experiencia pionera de rodar una pel\u00edcula en el espacio tras regresar este domingo a tierra procedentes de la Estaci\u00f3n Espacial Internacional (EEI), donde han permanecido 12 d\u00edas.\u00a0<\/p>\n\n\n\n<p>Peresild asegura que su odisea en el espacio le ha dejado \u00ab<strong>una gran impresi\u00f3n<\/strong>\u00ab, aunque reconoci\u00f3 que tras el aterrizaje, su organismo todav\u00eda no acaba de entender lo que est\u00e1 pasando. \u00abTodo es muy pesado aqu\u00ed, la cabeza, los brazos y las piernas, <strong>todo me da vueltas un poco<\/strong>\u00ab, explica.<\/p>\n\n\n\n<p>Asimismo, Peresild se\u00f1al\u00f3 que una cosa es entrenarse para el vuelo en un simulador, y otra muy diferente experimentarlo todo en la vida real. La actriz reconoci\u00f3 que durante el rodaje en \u00f3rbita&nbsp;<strong>\u00abtodo estuvo al l\u00edmite de la capacidad humana\u00bb<\/strong>, ya que&nbsp;Peresild y Shipenko se prepararon para el viaje&nbsp;en tan solo cuatro meses.&nbsp;<\/p>\n\n\n\n<p>Por su parte, el director de la pel\u00edcula, que lleva por t\u00edtulo &#8216;Vyzov&#8217; (Desaf\u00edo, en ruso), recalc\u00f3 que todo el equipo \u00abdisfrutaba\u00bb del viaje y que tuvo <strong>\u00absensaciones\u00a0absolutamente c\u00f3smicas\u00bb<\/strong>.\u00a0Seg\u00fan el director, consiguieron filmar todas las escenas y los astronautas de la\u00a0EEI participaron\u00a0con mucho gusto \u00aben todas las locuras\u00bb del equipo.\u00a0<\/p>\n\n\n\n<p>Por su parte, el jefe de Roscosmos, Dmitri Rogozin, dijo que&nbsp;esta experiencia <strong>ayudar\u00e1 a enviar astronautas no profesionales<\/strong> al espacio. \u00abNos ha aportado una gran experiencia\u00bb, indic\u00f3 Rogozin, subrayando que ahora Roscosmos podr\u00e1 preparar r\u00e1pidamente a las personas que&nbsp;est\u00e1n lejos del \u00e1mbito espacial.&nbsp;<\/p>\n\n\n\n<p>El equipo ruso de rodaje y el cosmonauta Oleg Novitski, regresaron este domingo a la Tierra en la nave espacial&nbsp;<strong>Soyuz MS-18<\/strong>, que se desacopl\u00f3 de la EEI a la 1:14 UTC. El aterrizaje de los tres tuvo lugar a las&nbsp;4:35 UTC&nbsp;en una zona remota de Kazajist\u00e1n en las proximidades de la localidad kazaja de Zhezkazgan.<\/p>\n\n\n\n<p>Hablando sobre el ambiente en la EEI durante los 12 d\u00edas junto con dos cosmonautas no profesionales, Novitski destac\u00f3 en una entrevista a RT que inicialmente esperaba el peor de los escenarios, pero Peresild y Shipenko \u00ab<strong>se adaptaron muy r\u00e1pidamente<\/strong> al trabajo en la estaci\u00f3n, no hubo ninguna queja contra ellos\u00bb.<\/p>\n\n\n\n<p>En cuanto al manejo del proceso de la ca\u00edda de la c\u00e1psula, el profesional enfatiz\u00f3 que la preparaci\u00f3n que el equipo de rodaje hab\u00eda recibido antes de volar al espacio no fue en vano. \u00ab<strong>Sin ellos habr\u00eda sido dif\u00edcil<\/strong> hacer un descenso tan correcto y normal, de todas formas, participaron en el vuelo, me ayudaron en mi trabajo y por eso les estoy muy agradecido\u00bb, dijo Novitski.<\/p>\n\n\n\n<h3 class=\"wp-block-heading\">C\u00famulo de&nbsp;r\u00e9cords<\/h3>\n\n\n\n<p>El rodaje de la pel\u00edcula no\u00a0es \u00fanico hito asociado a la visita del equipo de rodaje ruso a la EEI, en el marco de la cual, por primera vez en m\u00e1s de 20 a\u00f1os, una nave espacial rusa transport\u00f3 a una\u00a0<strong>tripulaci\u00f3n plenamente integrada por ciudadanos rusos<\/strong>. En ocasiones previas, las tripulaciones de las misiones de Rusia siempre inclu\u00edan astronautas extranjeros. Asimismo, cabe mencionar que a los mandos de la nave espacial estaba\u00a0<strong>solamente un cosmonauta profesional<\/strong>.<\/p>\n\n\n\n<p>Por su parte, Peresild se ha convertido en la primera actriz que vuela al espacio y en la primera persona\u00a0de ascendencia estonia\u00a0en volar al espacio, adelant\u00e1ndose a la candidata estadounidense, Nicole Mann, tambi\u00e9n de ascendencia estonia. Mientras, a Shipenko, que <strong>mide 1&#8217;89 metros<\/strong>, le corresponde el r\u00e9cord del ciudadano ruso m\u00e1s alto que ha sido puesto en \u00f3rbita.<\/p>\n\n\n\n<p>RT<\/p>\n","protected":false},"excerpt":{"rendered":"<p>El equipo de rodaje ruso explica c\u00f3mo filmaron la primera pel\u00edcula en \u00f3rbita. El director Klim Shipenko y la actriz Yulia Peresild regresaron a Tierra este domingo tras pasar 12 d\u00edas en la Estaci\u00f3n Espacial Internacional (EEI), donde han logrado el hito pionero de grabar escenas para la primera pel\u00edcula rodada en el espacio. La [&hellip;]<\/p>\n","protected":false},"author":1,"featured_media":42294,"comment_status":"closed","ping_status":"closed","sticky":false,"template":"","format":"standard","meta":{"rop_custom_images_group":[],"rop_custom_messages_group":[],"rop_publish_now":"initial","rop_publish_now_accounts":[],"rop_publish_now_history":[],"rop_publish_now_status":"pending","footnotes":""},"categories":[70,66],"tags":[23],"class_list":["post-42293","post","type-post","status-publish","format-standard","has-post-thumbnail","hentry","category-espectaculos","category-estilo-de-vida","tag-destacado"],"_links":{"self":[{"href":"https:\/\/notiissa.mx\/index.php?rest_route=\/wp\/v2\/posts\/42293","targetHints":{"allow":["GET"]}}],"collection":[{"href":"https:\/\/notiissa.mx\/index.php?rest_route=\/wp\/v2\/posts"}],"about":[{"href":"https:\/\/notiissa.mx\/index.php?rest_route=\/wp\/v2\/types\/post"}],"author":[{"embeddable":true,"href":"https:\/\/notiissa.mx\/index.php?rest_route=\/wp\/v2\/users\/1"}],"replies":[{"embeddable":true,"href":"https:\/\/notiissa.mx\/index.php?rest_route=%2Fwp%2Fv2%2Fcomments&post=42293"}],"version-history":[{"count":1,"href":"https:\/\/notiissa.mx\/index.php?rest_route=\/wp\/v2\/posts\/42293\/revisions"}],"predecessor-version":[{"id":42295,"href":"https:\/\/notiissa.mx\/index.php?rest_route=\/wp\/v2\/posts\/42293\/revisions\/42295"}],"wp:featuredmedia":[{"embeddable":true,"href":"https:\/\/notiissa.mx\/index.php?rest_route=\/wp\/v2\/media\/42294"}],"wp:attachment":[{"href":"https:\/\/notiissa.mx\/index.php?rest_route=%2Fwp%2Fv2%2Fmedia&parent=42293"}],"wp:term":[{"taxonomy":"category","embeddable":true,"href":"https:\/\/notiissa.mx\/index.php?rest_route=%2Fwp%2Fv2%2Fcategories&post=42293"},{"taxonomy":"post_tag","embeddable":true,"href":"https:\/\/notiissa.mx\/index.php?rest_route=%2Fwp%2Fv2%2Ftags&post=42293"}],"curies":[{"name":"wp","href":"https:\/\/api.w.org\/{rel}","templated":true}]}}