{"id":42201,"date":"2021-10-14T18:04:15","date_gmt":"2021-10-14T18:04:15","guid":{"rendered":"https:\/\/notiissa.mx\/?p=42201"},"modified":"2021-10-14T18:04:16","modified_gmt":"2021-10-14T18:04:16","slug":"cancun-austrian-retoma-ruta-tras-15-anos-y-edelwiss-sumara-vuelos","status":"publish","type":"post","link":"https:\/\/notiissa.mx\/?p=42201","title":{"rendered":"Canc\u00fan: Austrian retoma ruta tras 15 a\u00f1os y Edelwiss sumar\u00e1 vuelos"},"content":{"rendered":"\n<p>Despu\u00e9s de varios meses en pausa debido a la pandemia, el Grupo Lufthansa, sigue manteniendo una fuerte apuesta por Canc\u00fan a trav\u00e9s de sus diferentes aerol\u00edneas.<\/p>\n\n\n\n<p>A la fecha, el Grupo, recientemente liderado por&nbsp;Alejandro Arias, en M\u00e9xico y Centroam\u00e9rica, mantiene tres vuelos a la semana de Frankfurt a Canc\u00fan, y un vuelo a la semana de Zurich (el cual podr\u00eda aumentar a dos) en aviones de&nbsp;Edelweiss Air -la aerol\u00ednea leisure de Swiss-; presencia que se incrementar\u00e1 a mediados del mes de noviembre cuando aterrice desde Viena, Austrian Airlines.<\/p>\n\n\n\n<p>Para esta nueva ruta se tienen previstos de inicio dos vuelos a la semana, desde la capital austriaca, desde donde no aterrizaba un vuelo a Canc\u00fan desde el a\u00f1o 2006.<\/p>\n\n\n\n<p>Estos vuelos ser\u00e1n operados por aviones Boeing 777-200ER para 302 pasajeros, 40 en clase ejecutiva, 24 premium y 244 en econ\u00f3mica.<\/p>\n\n\n\n<p>La aerol\u00ednea se mantiene con un porcentaje alto de ocupaci\u00f3n tanto en sus vuelos de Canc\u00fan como de Ciudad de M\u00e9xico.<\/p>\n\n\n\n<p>Con lo que respecta a Ciudad de M\u00e9xico, durante este mes de octubre, Lufthansa incrementar\u00e1 de 7 a 10 sus vuelos semanales, por los que los viernes, s\u00e1bados y domingos, mantendr\u00e1 dos vuelos al d\u00eda.<\/p>\n\n\n\n<p>Si bien la ruta de Munich a Ciudad de M\u00e9xico estar\u00e1 regresando a partir del 03 de noviembre con tres vuelos a la semana de inicio, esperando que estos puedan llegar a 5, como hasta antes de la pandemia, ser\u00e1 tambi\u00e9n para el verano del 2022, como dijo <em>REPORTUR.mx<\/em> cuando se vuelva a activar la ruta de la capital de Baviera a Canc\u00fan.<\/p>\n\n\n\n<p>REPORTUR<\/p>\n","protected":false},"excerpt":{"rendered":"<p>Despu\u00e9s de varios meses en pausa debido a la pandemia, el Grupo Lufthansa, sigue manteniendo una fuerte apuesta por Canc\u00fan a trav\u00e9s de sus diferentes aerol\u00edneas. A la fecha, el Grupo, recientemente liderado por&nbsp;Alejandro Arias, en M\u00e9xico y Centroam\u00e9rica, mantiene tres vuelos a la semana de Frankfurt a Canc\u00fan, y un vuelo a la semana [&hellip;]<\/p>\n","protected":false},"author":1,"featured_media":42202,"comment_status":"closed","ping_status":"closed","sticky":false,"template":"","format":"standard","meta":{"rop_custom_images_group":[],"rop_custom_messages_group":[],"rop_publish_now":"initial","rop_publish_now_accounts":[],"rop_publish_now_history":[],"rop_publish_now_status":"pending","footnotes":""},"categories":[61,66],"tags":[23],"class_list":["post-42201","post","type-post","status-publish","format-standard","has-post-thumbnail","hentry","category-economia","category-estilo-de-vida","tag-destacado"],"_links":{"self":[{"href":"https:\/\/notiissa.mx\/index.php?rest_route=\/wp\/v2\/posts\/42201","targetHints":{"allow":["GET"]}}],"collection":[{"href":"https:\/\/notiissa.mx\/index.php?rest_route=\/wp\/v2\/posts"}],"about":[{"href":"https:\/\/notiissa.mx\/index.php?rest_route=\/wp\/v2\/types\/post"}],"author":[{"embeddable":true,"href":"https:\/\/notiissa.mx\/index.php?rest_route=\/wp\/v2\/users\/1"}],"replies":[{"embeddable":true,"href":"https:\/\/notiissa.mx\/index.php?rest_route=%2Fwp%2Fv2%2Fcomments&post=42201"}],"version-history":[{"count":1,"href":"https:\/\/notiissa.mx\/index.php?rest_route=\/wp\/v2\/posts\/42201\/revisions"}],"predecessor-version":[{"id":42203,"href":"https:\/\/notiissa.mx\/index.php?rest_route=\/wp\/v2\/posts\/42201\/revisions\/42203"}],"wp:featuredmedia":[{"embeddable":true,"href":"https:\/\/notiissa.mx\/index.php?rest_route=\/wp\/v2\/media\/42202"}],"wp:attachment":[{"href":"https:\/\/notiissa.mx\/index.php?rest_route=%2Fwp%2Fv2%2Fmedia&parent=42201"}],"wp:term":[{"taxonomy":"category","embeddable":true,"href":"https:\/\/notiissa.mx\/index.php?rest_route=%2Fwp%2Fv2%2Fcategories&post=42201"},{"taxonomy":"post_tag","embeddable":true,"href":"https:\/\/notiissa.mx\/index.php?rest_route=%2Fwp%2Fv2%2Ftags&post=42201"}],"curies":[{"name":"wp","href":"https:\/\/api.w.org\/{rel}","templated":true}]}}