{"id":42142,"date":"2021-10-12T19:15:58","date_gmt":"2021-10-12T19:15:58","guid":{"rendered":"https:\/\/notiissa.mx\/?p=42142"},"modified":"2021-10-12T19:15:59","modified_gmt":"2021-10-12T19:15:59","slug":"encabeza-maru-campos-ceremonia-del-312-aniversario-de-la-fundacion-de-chihuahua","status":"publish","type":"post","link":"https:\/\/notiissa.mx\/?p=42142","title":{"rendered":"Encabeza Maru Campos ceremonia del 312 Aniversario de la Fundaci\u00f3n de Chihuahua"},"content":{"rendered":"\n<p>La gobernadora Maru Campos Galv\u00e1n encabez\u00f3 la ceremonia del 312 Aniversario de la Fundaci\u00f3n de Chihuahua, acompa\u00f1ada por el alcalde Marco Bonilla, en evento que tuvo verificativo en la Plaza de Armas.<\/p>\n\n\n\n<p>En este acto estuvieron presentes la presidenta del Congreso del Estado, Georgina Bujanda y el magistrado presidente del Tribunal Superior de Justicia del Estado, Pablo H\u00e9ctor Gonz\u00e1lez Villalobos, as\u00ed como funcionarios de los tres \u00f3rdenes de Gobierno.<\/p>\n\n\n\n<p>\u201cEsta conmemoraci\u00f3n evoca no solamente la fundaci\u00f3n de nuestra ciudad, sino el nacimiento de una historia de hermandad, un d\u00eda como hoy hace 312 a\u00f1os el encuentro de los pobladores de la regi\u00f3n posibilit\u00f3 el nacimiento de una voluntad compartida por hacer de est\u00e1, una tierra de prosperidad m\u00e1s all\u00e1 de la precariedad impuesta por la austeridad de un territorio inh\u00f3spito\u201d, declar\u00f3 la Gobernadora.<\/p>\n\n\n\n<p>La mandataria resalt\u00f3 que desde entonces, generaciones y generaciones de chihuahuenses han dedicado el trabajo de sus manos desde el amanecer hasta la puesta del sol a hacer que cada recurso ofrecido por esta tierra \u00e1rida fuera aprovechado al m\u00e1ximo, de modo que todos pudieran alcanzar la posibilidad de brindar a sus familias una vida digna.<\/p>\n\n\n\n<p>Dijo que la de Chihuahua es una historia de perseverancia, de administraci\u00f3n de los recursos, de un pueblo que como una madre, ha sabido tener el cuidado para que todo se aproveche para el beneficio de todos.<\/p>\n\n\n\n<p>\u201cCon esa personalidad tan nuestra, ese esp\u00edritu tan chihuahuense, hemos sido capaces de cosechar el titulo de Los Vencedores del Desierto, un apelativo que hace justicia a lo que como chihuahuenses sabemos hacer mejor, trabajar y trabajar, y trabajar no por la vanidad o la vanagloria, sino para ofrecer a nuestras familias desde los m\u00e1s peque\u00f1os hasta los mayores, la posibilidad de vivir bien, la posibilidad de vivir felices\u201d, asent\u00f3.<\/p>\n\n\n\n<p>Dijo que en la actualidad las circunstancias nuevamente plantean un escenario precario, puesto que las decisiones del pasado reciente dejado al gobierno que reci\u00e9n inicia en una situaci\u00f3n de profunda complejidad: \u201cpero nosotros a ejemplo de nuestros fundadores no nos doblamos nos echamos para atr\u00e1s, no cometeremos el error de apuntalar culpables sin ofrecer soluciones, porque somos chihuahuenses y asumimos el reto de vivir con el esp\u00edritu perseverante de Los B\u00e1rbaros del Norte\u201d.<\/p>\n\n\n\n<p>Enfatiz\u00f3 que el compromiso de los fundadores de la ciudad cobra nueva vida el d\u00eda de hoy, porque se afrontar\u00e1 el gran reto de cubrir una gran lista de necesidades, no obstante las arcas p\u00fablicas gravemente lastimadas por malas decisiones del pasado.<\/p>\n\n\n\n<p>\u201cEs nuestro deber renovar aquel \u00edmpetu con el ex gobernador Deza y Ulloa, asumi\u00f3 la tarea de dirigir la creaci\u00f3n de la Villa de San Felipe El Real en esta tierra, que hoy es nuestra casa com\u00fan, la casa de todos los chihuahuenses del estado\u201d, expres\u00f3.<\/p>\n\n\n\n<p>Se\u00f1al\u00f3 que es su deber sacar provecho de cada centavo que los chihuahuenses nos conf\u00edan, vigilar afanosamente que cada peso del dinero p\u00fablico que ha invertido con asertividad y sobre todo con eficiencia, adem\u00e1s de hacer m\u00e1s con menos.<\/p>\n\n\n\n<p>Comparti\u00f3 que los chihuahuenses saben arrebatarle prosperidad y oportunidad a la precariedad, por lo cual asegur\u00f3 que los retos presentes ser\u00e1n celebrados como victorias en el futuro, del mismo modo que hoy se celebra la victoria que los fundadores alcanzaron en esta tierra y de esa misma manera, se alcanzar\u00e1 ese bienestar y ese futuro para los chihuahuenses.<\/p>\n\n\n\n<p>Po \u00faltimo felicit\u00f3 a todos los chihuahuenses: \u201cporque ante los retos vividos en los \u00faltimos d\u00edas por las circunstancias complejas hemos seguido demostrando que juntos s\u00ed podemos. S\u00e9 que seguiremos as\u00ed, trabajando juntos por nuestras familias, por nuestro futuro y por Chihuahua\u201d, acot\u00f3.<\/p>\n\n\n\n<p>En su turno, el alcalde Marco Bonilla Mendoza, realiz\u00f3 el pase de lista a los fundadores de la ciudad de Chihuahua y record\u00f3 el voto de calidad de Antonio Deza y Ulloa que defini\u00f3 el sitio de fundaci\u00f3n y dijo que fue hasta 1718 cuando se cre\u00f3 m\u00e1s formalmente la instituci\u00f3n de cabildo que permiti\u00f3 el desarrollo de la ciudad.<\/p>\n\n\n\n<p>A su vez, el cronista de la ciudad, Rub\u00e9n Beltr\u00e1n Acosta relat\u00f3 los pasajes m\u00e1s relevantes de la historia de Chihuahua, desde los primeros asentamientos humanos que se dieron en esta regi\u00f3n, su fundaci\u00f3n en 1709, su tradici\u00f3n minera desde su inicio y tambi\u00e9n exhort\u00f3 a los presentes a reflexionar no solo en la historia, sino tambi\u00e9n en el presente y en lo que sus habitantes deben hacer para tener una ciudad m\u00e1s competitiva en todos los \u00e1mbitos.<\/p>\n","protected":false},"excerpt":{"rendered":"<p>La gobernadora Maru Campos Galv\u00e1n encabez\u00f3 la ceremonia del 312 Aniversario de la Fundaci\u00f3n de Chihuahua, acompa\u00f1ada por el alcalde Marco Bonilla, en evento que tuvo verificativo en la Plaza de Armas. En este acto estuvieron presentes la presidenta del Congreso del Estado, Georgina Bujanda y el magistrado presidente del Tribunal Superior de Justicia del [&hellip;]<\/p>\n","protected":false},"author":1,"featured_media":42143,"comment_status":"closed","ping_status":"closed","sticky":false,"template":"","format":"standard","meta":{"rop_custom_images_group":[],"rop_custom_messages_group":[],"rop_publish_now":"initial","rop_publish_now_accounts":[],"rop_publish_now_history":[],"rop_publish_now_status":"pending","footnotes":""},"categories":[67],"tags":[23],"class_list":["post-42142","post","type-post","status-publish","format-standard","has-post-thumbnail","hentry","category-ciudad","tag-destacado"],"_links":{"self":[{"href":"https:\/\/notiissa.mx\/index.php?rest_route=\/wp\/v2\/posts\/42142","targetHints":{"allow":["GET"]}}],"collection":[{"href":"https:\/\/notiissa.mx\/index.php?rest_route=\/wp\/v2\/posts"}],"about":[{"href":"https:\/\/notiissa.mx\/index.php?rest_route=\/wp\/v2\/types\/post"}],"author":[{"embeddable":true,"href":"https:\/\/notiissa.mx\/index.php?rest_route=\/wp\/v2\/users\/1"}],"replies":[{"embeddable":true,"href":"https:\/\/notiissa.mx\/index.php?rest_route=%2Fwp%2Fv2%2Fcomments&post=42142"}],"version-history":[{"count":1,"href":"https:\/\/notiissa.mx\/index.php?rest_route=\/wp\/v2\/posts\/42142\/revisions"}],"predecessor-version":[{"id":42144,"href":"https:\/\/notiissa.mx\/index.php?rest_route=\/wp\/v2\/posts\/42142\/revisions\/42144"}],"wp:featuredmedia":[{"embeddable":true,"href":"https:\/\/notiissa.mx\/index.php?rest_route=\/wp\/v2\/media\/42143"}],"wp:attachment":[{"href":"https:\/\/notiissa.mx\/index.php?rest_route=%2Fwp%2Fv2%2Fmedia&parent=42142"}],"wp:term":[{"taxonomy":"category","embeddable":true,"href":"https:\/\/notiissa.mx\/index.php?rest_route=%2Fwp%2Fv2%2Fcategories&post=42142"},{"taxonomy":"post_tag","embeddable":true,"href":"https:\/\/notiissa.mx\/index.php?rest_route=%2Fwp%2Fv2%2Ftags&post=42142"}],"curies":[{"name":"wp","href":"https:\/\/api.w.org\/{rel}","templated":true}]}}