{"id":42127,"date":"2021-10-12T17:59:41","date_gmt":"2021-10-12T17:59:41","guid":{"rendered":"https:\/\/notiissa.mx\/?p=42127"},"modified":"2021-10-12T17:59:43","modified_gmt":"2021-10-12T17:59:43","slug":"ayuntamiento-de-chihuahua-celebra-el-312-aniversario-de-la-fundacion-de-chihuahua","status":"publish","type":"post","link":"https:\/\/notiissa.mx\/?p=42127","title":{"rendered":"Ayuntamiento de Chihuahua celebra el 312 aniversario de la Fundaci\u00f3n de Chihuahua"},"content":{"rendered":"\n<p>En medio de un escenario amenizado por mariachis y Orquesta Sinf\u00f3nica, las y los Regidores que integran el Ayuntamiento de Chihuahua, celebraron hoy el 312 aniversario de la Fundaci\u00f3n de Chihuahua en la ic\u00f3nica Plaza de Armas.<\/p>\n\n\n\n<p>Acompa\u00f1ando al alcalde Marco Bonilla, as\u00ed como a la gobernadora del Estado, Mar\u00eda Eugenia Campos Galv\u00e1n y autoridades estatales y municipales los Regidores asistieron como invitados especiales a la celebraci\u00f3n.<\/p>\n\n\n\n<p>Y como es tradicional en estas fechas, los ediles asisten al evento oficial que el Ayuntamiento de Chihuahua organiza para recordar la fecha hist\u00f3rica m\u00e1s importante de la ciudad, cuando un 12 de octubre de 1709, el gobernador Antonio Deza y Ulloa diera su voto de calidad junto con otros notables, para asentar la Villa de San Felipe el Real.<\/p>\n\n\n\n<p>La historia contada por el cronista de la ciudad Prof. Rub\u00e9n Beltr\u00e1n Acosta refiri\u00f3 las tres fechas que conjuntan estas celebraciones; el descubrimiento de Am\u00e9rica o D\u00eda de la Raza, la fundaci\u00f3n de la ciudad de Chihuahua y el arribo del gobierno itinerante del presidente de la Rep\u00fablica Benito Ju\u00e1rez Garc\u00eda.<\/p>\n\n\n\n<p>Al final del evento las y los ediles montaron una Guardia de Honor bajo el monumento erigido a Antonio Deza y Ulloa, el cual se ubica frente a la Catedral de Chihuahua.<\/p>\n","protected":false},"excerpt":{"rendered":"<p>En medio de un escenario amenizado por mariachis y Orquesta Sinf\u00f3nica, las y los Regidores que integran el Ayuntamiento de Chihuahua, celebraron hoy el 312 aniversario de la Fundaci\u00f3n de Chihuahua en la ic\u00f3nica Plaza de Armas. Acompa\u00f1ando al alcalde Marco Bonilla, as\u00ed como a la gobernadora del Estado, Mar\u00eda Eugenia Campos Galv\u00e1n y autoridades [&hellip;]<\/p>\n","protected":false},"author":1,"featured_media":42128,"comment_status":"closed","ping_status":"closed","sticky":false,"template":"","format":"standard","meta":{"rop_custom_images_group":[],"rop_custom_messages_group":[],"rop_publish_now":"initial","rop_publish_now_accounts":[],"rop_publish_now_history":[],"rop_publish_now_status":"pending","footnotes":""},"categories":[67,62],"tags":[],"class_list":["post-42127","post","type-post","status-publish","format-standard","has-post-thumbnail","hentry","category-ciudad","category-cultura"],"_links":{"self":[{"href":"https:\/\/notiissa.mx\/index.php?rest_route=\/wp\/v2\/posts\/42127","targetHints":{"allow":["GET"]}}],"collection":[{"href":"https:\/\/notiissa.mx\/index.php?rest_route=\/wp\/v2\/posts"}],"about":[{"href":"https:\/\/notiissa.mx\/index.php?rest_route=\/wp\/v2\/types\/post"}],"author":[{"embeddable":true,"href":"https:\/\/notiissa.mx\/index.php?rest_route=\/wp\/v2\/users\/1"}],"replies":[{"embeddable":true,"href":"https:\/\/notiissa.mx\/index.php?rest_route=%2Fwp%2Fv2%2Fcomments&post=42127"}],"version-history":[{"count":1,"href":"https:\/\/notiissa.mx\/index.php?rest_route=\/wp\/v2\/posts\/42127\/revisions"}],"predecessor-version":[{"id":42129,"href":"https:\/\/notiissa.mx\/index.php?rest_route=\/wp\/v2\/posts\/42127\/revisions\/42129"}],"wp:featuredmedia":[{"embeddable":true,"href":"https:\/\/notiissa.mx\/index.php?rest_route=\/wp\/v2\/media\/42128"}],"wp:attachment":[{"href":"https:\/\/notiissa.mx\/index.php?rest_route=%2Fwp%2Fv2%2Fmedia&parent=42127"}],"wp:term":[{"taxonomy":"category","embeddable":true,"href":"https:\/\/notiissa.mx\/index.php?rest_route=%2Fwp%2Fv2%2Fcategories&post=42127"},{"taxonomy":"post_tag","embeddable":true,"href":"https:\/\/notiissa.mx\/index.php?rest_route=%2Fwp%2Fv2%2Ftags&post=42127"}],"curies":[{"name":"wp","href":"https:\/\/api.w.org\/{rel}","templated":true}]}}