{"id":42124,"date":"2021-10-12T17:50:57","date_gmt":"2021-10-12T17:50:57","guid":{"rendered":"https:\/\/notiissa.mx\/?p=42124"},"modified":"2021-10-12T17:50:59","modified_gmt":"2021-10-12T17:50:59","slug":"tarifas-riviera-maya-por-delante-de-los-cabos-y-monterrey-ultima","status":"publish","type":"post","link":"https:\/\/notiissa.mx\/?p=42124","title":{"rendered":"Tarifas: Riviera Maya por delante de Los Cabos y Monterrey \u00faltima"},"content":{"rendered":"\n<h1 class=\"wp-block-heading\"><\/h1>\n\n\n\n<p>La recuperaci\u00f3n del sector del turismo en M\u00e9xico a causa de la pandemia ha sido desigual tanto en llegada de pasajeros como en tarifas hoteleras. De acuerdo con cifras del Centro de Investigaci\u00f3n y Competitividad Tur\u00edstica An\u00e1huac, la delantera en tarifas la llevar\u00e1 en los pr\u00f3ximos seis meses la Riviera Maya, seguida de Los Cabos y por \u00faltimo Monterrey.<\/p>\n\n\n\n<p>La instituci\u00f3n se refiere a las tarifas de los hoteles de tres a cinco estrellas y los seis meses contados a partir de septiembre as\u00ed: \u201cRiviera Maya reporta 385 d\u00f3lares, Los Cabos 371 d\u00f3lares por noche; Canc\u00fan 338; Riviera Nayarit 329, Ciudad de M\u00e9xico cobr\u00e1 en promedio 141; Guadalajara, 94; Puebla, 77 y Monterrey, 75\u201d, seg\u00fan lo recoge Carlos Vel\u00e1zquez en su columna de Dinero en Imagen.<\/p>\n\n\n\n<p>As\u00ed mismo, los datos del Centro de Investigaci\u00f3n indican que en 2019 la mayor concentraci\u00f3n en la llegada de pasajeros la tuvieron los aeropuertos de Canc\u00fan, Los Cabos y Puerto Vallarta con el 60%.<\/p>\n\n\n\n<p>Para el periodo de enero a julio de 2021, Canc\u00fan alcanz\u00f3 el 47.2% de los turistas a\u00e9reos, \u201cluego Ciudad de M\u00e9xico con 15.9%; Los Cabos con 13.2%; Puerto Vallarta, con 7.7%; Guadalajara con 6.9% y el resto del pa\u00eds con nueve por ciento\u201d, informa el mismo medio.<\/p>\n\n\n\n<p>Como dijo <em>REPORTUR.mx<\/em>, si bien Canc\u00fan ha tenido un mayor movimiento aeroportuario superando los niveles de prepandemia, el sector hotelero llena menos camas hoteleras. Para Septiembre el Aeropuerto Internacional de Canc\u00fan increment\u00f3 en 4.4% la cifra de pasajeros movilizados respecto al mismo periodo de 2019.<\/p>\n","protected":false},"excerpt":{"rendered":"<p>La recuperaci\u00f3n del sector del turismo en M\u00e9xico a causa de la pandemia ha sido desigual tanto en llegada de pasajeros como en tarifas hoteleras. De acuerdo con cifras del Centro de Investigaci\u00f3n y Competitividad Tur\u00edstica An\u00e1huac, la delantera en tarifas la llevar\u00e1 en los pr\u00f3ximos seis meses la Riviera Maya, seguida de Los Cabos [&hellip;]<\/p>\n","protected":false},"author":1,"featured_media":42125,"comment_status":"closed","ping_status":"closed","sticky":false,"template":"","format":"standard","meta":{"rop_custom_images_group":[],"rop_custom_messages_group":[],"rop_publish_now":"initial","rop_publish_now_accounts":[],"rop_publish_now_history":[],"rop_publish_now_status":"pending","footnotes":""},"categories":[75,61,66],"tags":[23],"class_list":["post-42124","post","type-post","status-publish","format-standard","has-post-thumbnail","hentry","category-actualidad","category-economia","category-estilo-de-vida","tag-destacado"],"_links":{"self":[{"href":"https:\/\/notiissa.mx\/index.php?rest_route=\/wp\/v2\/posts\/42124","targetHints":{"allow":["GET"]}}],"collection":[{"href":"https:\/\/notiissa.mx\/index.php?rest_route=\/wp\/v2\/posts"}],"about":[{"href":"https:\/\/notiissa.mx\/index.php?rest_route=\/wp\/v2\/types\/post"}],"author":[{"embeddable":true,"href":"https:\/\/notiissa.mx\/index.php?rest_route=\/wp\/v2\/users\/1"}],"replies":[{"embeddable":true,"href":"https:\/\/notiissa.mx\/index.php?rest_route=%2Fwp%2Fv2%2Fcomments&post=42124"}],"version-history":[{"count":1,"href":"https:\/\/notiissa.mx\/index.php?rest_route=\/wp\/v2\/posts\/42124\/revisions"}],"predecessor-version":[{"id":42126,"href":"https:\/\/notiissa.mx\/index.php?rest_route=\/wp\/v2\/posts\/42124\/revisions\/42126"}],"wp:featuredmedia":[{"embeddable":true,"href":"https:\/\/notiissa.mx\/index.php?rest_route=\/wp\/v2\/media\/42125"}],"wp:attachment":[{"href":"https:\/\/notiissa.mx\/index.php?rest_route=%2Fwp%2Fv2%2Fmedia&parent=42124"}],"wp:term":[{"taxonomy":"category","embeddable":true,"href":"https:\/\/notiissa.mx\/index.php?rest_route=%2Fwp%2Fv2%2Fcategories&post=42124"},{"taxonomy":"post_tag","embeddable":true,"href":"https:\/\/notiissa.mx\/index.php?rest_route=%2Fwp%2Fv2%2Ftags&post=42124"}],"curies":[{"name":"wp","href":"https:\/\/api.w.org\/{rel}","templated":true}]}}