{"id":42112,"date":"2021-10-11T23:01:27","date_gmt":"2021-10-11T23:01:27","guid":{"rendered":"https:\/\/notiissa.mx\/?p=42112"},"modified":"2021-10-11T23:01:33","modified_gmt":"2021-10-11T23:01:33","slug":"participan-regidores-en-campana-a-favor-de-la-mujer-con-cancer-de-mama","status":"publish","type":"post","link":"https:\/\/notiissa.mx\/?p=42112","title":{"rendered":"Participan regidores en campa\u00f1a a favor de la mujer con c\u00e1ncer de mama"},"content":{"rendered":"\n<p><em>De la Asociaci\u00f3n Grupo Reto.<\/em><\/p>\n\n\n\n<p>Integrantes del Ayuntamiento de Chihuahua se unieron a la campa\u00f1a de la Asociaci\u00f3n Civil Grupo Reto que lleva a cabo la regidora que preside la Comisi\u00f3n de Mujer, Familia e Igualdad de G\u00e9nero, Patricia Ulate Bernal quien hoy solicit\u00f3 el apoyo voluntario a sus hom\u00f3logos, cuyos recursos ser\u00e1n destinados a beneficio de mujeres diagnosticadas con c\u00e1ncer de mama.<\/p>\n\n\n\n<p>En el marco de las acciones que se emprenden en el mes de octubre dedicado a la Prevenci\u00f3n del C\u00e1ncer de Mama, la agrupaci\u00f3n llevar\u00e1 a cabo una serie de actividades como es la carrera denominada \u201cAdelita no Corres Sola\u201d a celebrarse el 30 de octubre en la Deportiva Sur a las 18:00 horas.<\/p>\n\n\n\n<p>Esta participaci\u00f3n se la estamos extendiendo a los ciudadanos que deseen aportar voluntariamente el apoyo monetario que se entregar\u00e1 a la agrupaci\u00f3n de mujeres, quienes est\u00e1n trabajando para superar esta enfermedad, dijo la Regidora Ulate.<\/p>\n\n\n\n<p>En la colecta participaron tambi\u00e9n el secretario del Ayuntamiento  Santiago de la Pe\u00f1a Grajeda, as\u00ed como la S\u00edndica Municipal Olivia Franco,  as\u00ed como las y los Regidores de las diversas fracciones edilicias que conforman el Ayuntamiento de Chihuahua.<\/p>\n","protected":false},"excerpt":{"rendered":"<p>De la Asociaci\u00f3n Grupo Reto. Integrantes del Ayuntamiento de Chihuahua se unieron a la campa\u00f1a de la Asociaci\u00f3n Civil Grupo Reto que lleva a cabo la regidora que preside la Comisi\u00f3n de Mujer, Familia e Igualdad de G\u00e9nero, Patricia Ulate Bernal quien hoy solicit\u00f3 el apoyo voluntario a sus hom\u00f3logos, cuyos recursos ser\u00e1n destinados a [&hellip;]<\/p>\n","protected":false},"author":1,"featured_media":42113,"comment_status":"closed","ping_status":"closed","sticky":false,"template":"","format":"standard","meta":{"rop_custom_images_group":[],"rop_custom_messages_group":[],"rop_publish_now":"initial","rop_publish_now_accounts":[],"rop_publish_now_history":[],"rop_publish_now_status":"pending","footnotes":""},"categories":[67,71],"tags":[],"class_list":["post-42112","post","type-post","status-publish","format-standard","has-post-thumbnail","hentry","category-ciudad","category-salud"],"_links":{"self":[{"href":"https:\/\/notiissa.mx\/index.php?rest_route=\/wp\/v2\/posts\/42112","targetHints":{"allow":["GET"]}}],"collection":[{"href":"https:\/\/notiissa.mx\/index.php?rest_route=\/wp\/v2\/posts"}],"about":[{"href":"https:\/\/notiissa.mx\/index.php?rest_route=\/wp\/v2\/types\/post"}],"author":[{"embeddable":true,"href":"https:\/\/notiissa.mx\/index.php?rest_route=\/wp\/v2\/users\/1"}],"replies":[{"embeddable":true,"href":"https:\/\/notiissa.mx\/index.php?rest_route=%2Fwp%2Fv2%2Fcomments&post=42112"}],"version-history":[{"count":1,"href":"https:\/\/notiissa.mx\/index.php?rest_route=\/wp\/v2\/posts\/42112\/revisions"}],"predecessor-version":[{"id":42114,"href":"https:\/\/notiissa.mx\/index.php?rest_route=\/wp\/v2\/posts\/42112\/revisions\/42114"}],"wp:featuredmedia":[{"embeddable":true,"href":"https:\/\/notiissa.mx\/index.php?rest_route=\/wp\/v2\/media\/42113"}],"wp:attachment":[{"href":"https:\/\/notiissa.mx\/index.php?rest_route=%2Fwp%2Fv2%2Fmedia&parent=42112"}],"wp:term":[{"taxonomy":"category","embeddable":true,"href":"https:\/\/notiissa.mx\/index.php?rest_route=%2Fwp%2Fv2%2Fcategories&post=42112"},{"taxonomy":"post_tag","embeddable":true,"href":"https:\/\/notiissa.mx\/index.php?rest_route=%2Fwp%2Fv2%2Ftags&post=42112"}],"curies":[{"name":"wp","href":"https:\/\/api.w.org\/{rel}","templated":true}]}}