{"id":42094,"date":"2021-10-11T19:35:59","date_gmt":"2021-10-11T19:35:59","guid":{"rendered":"https:\/\/notiissa.mx\/?p=42094"},"modified":"2021-10-11T19:36:01","modified_gmt":"2021-10-11T19:36:01","slug":"biden-responde-a-amlo-con-una-carta-donde-expone-su-vision-del-fenomeno-migratorio","status":"publish","type":"post","link":"https:\/\/notiissa.mx\/?p=42094","title":{"rendered":"Biden responde a AMLO con una carta donde expone su visi\u00f3n del fen\u00f3meno migratorio"},"content":{"rendered":"\n<p>El mandatario estadounidense considera que atender las causas de la migraci\u00f3n es una de las prioridades de su Administraci\u00f3n.<\/p>\n\n\n\n<p>El presidente de EE.UU., Joe Biden, escribi\u00f3 una carta a&nbsp;su hom\u00f3logo mexicano, Andr\u00e9s Manuel L\u00f3pez Obrador,&nbsp;en la que coincide con el mandatario en su visi\u00f3n de que&nbsp;para atender el fen\u00f3meno migratorio proveniente de Centroam\u00e9rica se necesitan resolver las causas fundamentales&nbsp;que llevan a las personas a abandonar sus hogares.<\/p>\n\n\n\n<p>Biden considera que es necesario que&nbsp;EE.UU.&nbsp;\u00ab<strong>ampl\u00ede las v\u00edas legales<\/strong> de oportunidad y protecci\u00f3n\u00bb, considere \u00ablas solicitudes de asilo de manera justa y eficiente\u00bb, reduzca \u00abla migraci\u00f3n irregular\u00bb y aborde \u00ablas causas fundamentales de la migraci\u00f3n\u00bb.<\/p>\n\n\n\n<p>El texto fue le\u00eddo y presentado este lunes por el canciller mexicano, Marcelo Ebrard, durante la conferencia de prensa matutina de L\u00f3pez Obrador.<\/p>\n\n\n\n<p>\u00abDesde que asum\u00ed el cargo, redirig\u00ed los recursos del innecesario muro fronterizo hacia probadas inversiones como tecnolog\u00eda y modernizaci\u00f3n de los puertos de entrada terrestres\u00bb, se\u00f1ala Biden en la carta.<\/p>\n\n\n\n<p>Adem\u00e1s, el mandatario estadounidense\u00a0dice que en el \u00faltimo a\u00f1o,\u00a0su pa\u00eds ha destinado 600 millones de d\u00f3lares en asistencia para El Salvador, Guatemala y Honduras.\u00a0<\/p>\n\n\n\n<p>\u00abLe he dejado claro al Congreso de los&nbsp;EE.UU. que tambi\u00e9n es hora de que act\u00faen para proporcionar un camino hacia la ciudadan\u00eda y <strong>un sistema de inmigraci\u00f3n legal<\/strong>, justo y eficiente\u00bb, escribe Biden.&nbsp;<\/p>\n\n\n\n<p>La\u00a0carta es la respuesta del presidente de EE.UU.\u00a0a una misiva enviada por L\u00f3pez Obrador el pasado 7 de septiembre, en la\u00a0que\u00a0el mandatario mexicano expuso su visi\u00f3n sobre c\u00f3mo se deber\u00eda atender el \u00e9xodo masivo de personas provenientes de Centroam\u00e9rica con rumbo a EE.UU.<\/p>\n\n\n\n<p>En aquella ocasi\u00f3n, el presidente mexicano&nbsp;pidi\u00f3 a su hom\u00f3logo estadounidense actuar \u00abcon m\u00e1s urgencia\u00bb para atender la crisis migratoria con financiamiento para el desarrollo en El Salvador, Honduras y Guatemala.&nbsp;<\/p>\n\n\n\n<p>La\u00a0respuesta de Biden fue fechada el 6 de octubre y se entreg\u00f3 el pasado viernes, durante una reuni\u00f3n entre funcionarios mexicanos y estadounidenses.<\/p>\n\n\n\n<p>RT<\/p>\n","protected":false},"excerpt":{"rendered":"<p>El mandatario estadounidense considera que atender las causas de la migraci\u00f3n es una de las prioridades de su Administraci\u00f3n. El presidente de EE.UU., Joe Biden, escribi\u00f3 una carta a&nbsp;su hom\u00f3logo mexicano, Andr\u00e9s Manuel L\u00f3pez Obrador,&nbsp;en la que coincide con el mandatario en su visi\u00f3n de que&nbsp;para atender el fen\u00f3meno migratorio proveniente de Centroam\u00e9rica se necesitan [&hellip;]<\/p>\n","protected":false},"author":1,"featured_media":42095,"comment_status":"closed","ping_status":"closed","sticky":false,"template":"","format":"standard","meta":{"rop_custom_images_group":[],"rop_custom_messages_group":[],"rop_publish_now":"initial","rop_publish_now_accounts":[],"rop_publish_now_history":[],"rop_publish_now_status":"pending","footnotes":""},"categories":[77,60],"tags":[23],"class_list":["post-42094","post","type-post","status-publish","format-standard","has-post-thumbnail","hentry","category-ni-lectoris","category-sonnoticia","tag-destacado"],"_links":{"self":[{"href":"https:\/\/notiissa.mx\/index.php?rest_route=\/wp\/v2\/posts\/42094","targetHints":{"allow":["GET"]}}],"collection":[{"href":"https:\/\/notiissa.mx\/index.php?rest_route=\/wp\/v2\/posts"}],"about":[{"href":"https:\/\/notiissa.mx\/index.php?rest_route=\/wp\/v2\/types\/post"}],"author":[{"embeddable":true,"href":"https:\/\/notiissa.mx\/index.php?rest_route=\/wp\/v2\/users\/1"}],"replies":[{"embeddable":true,"href":"https:\/\/notiissa.mx\/index.php?rest_route=%2Fwp%2Fv2%2Fcomments&post=42094"}],"version-history":[{"count":1,"href":"https:\/\/notiissa.mx\/index.php?rest_route=\/wp\/v2\/posts\/42094\/revisions"}],"predecessor-version":[{"id":42096,"href":"https:\/\/notiissa.mx\/index.php?rest_route=\/wp\/v2\/posts\/42094\/revisions\/42096"}],"wp:featuredmedia":[{"embeddable":true,"href":"https:\/\/notiissa.mx\/index.php?rest_route=\/wp\/v2\/media\/42095"}],"wp:attachment":[{"href":"https:\/\/notiissa.mx\/index.php?rest_route=%2Fwp%2Fv2%2Fmedia&parent=42094"}],"wp:term":[{"taxonomy":"category","embeddable":true,"href":"https:\/\/notiissa.mx\/index.php?rest_route=%2Fwp%2Fv2%2Fcategories&post=42094"},{"taxonomy":"post_tag","embeddable":true,"href":"https:\/\/notiissa.mx\/index.php?rest_route=%2Fwp%2Fv2%2Ftags&post=42094"}],"curies":[{"name":"wp","href":"https:\/\/api.w.org\/{rel}","templated":true}]}}