{"id":42070,"date":"2021-10-10T14:31:27","date_gmt":"2021-10-10T14:31:27","guid":{"rendered":"https:\/\/notiissa.mx\/?p=42070"},"modified":"2021-10-10T14:31:29","modified_gmt":"2021-10-10T14:31:29","slug":"mas-de-50-millones-de-personas-sufrieron-depresion-en-el-2020-debido-a-la-pandemia","status":"publish","type":"post","link":"https:\/\/notiissa.mx\/?p=42070","title":{"rendered":"M\u00e1s de 50 millones de personas sufrieron depresi\u00f3n en el 2020 debido a la pandemia"},"content":{"rendered":"\n<p>Investigadores llegaron a esta conclusi\u00f3n al realizar una revisi\u00f3n sistem\u00e1tica de los informes cient\u00edficos sobre la prevalencia de estas enfermedades.<\/p>\n\n\n\n<p>M\u00e1s de 50 millones de\u00a0personas sufrieron trastornos depresivos graves en el 2020 debido a la pandemia, seg\u00fan\u00a0un estudio de cient\u00edficos australianos, publicado este viernes en la revista The Lancet.\u00a0<\/p>\n\n\n\n<p>\u00abAntes del 2020, los trastornos mentales eran las principales causas de la carga mundial relacionada con la salud, [&#8230;] la\u00a0aparici\u00f3n de la pandemia del covid-19 cre\u00f3\u00a0<strong>un entorno en el que se exacerban muchos factores<\/strong> determinantes de la mala salud mental\u00bb, apuntaron los investigadores.\u00a0<\/p>\n\n\n\n<p>El equipo realiz\u00f3&nbsp;una&nbsp;<strong>revisi\u00f3n sistem\u00e1tica de los informes cient\u00edficos<\/strong>&nbsp;sobre la prevalencia del trastorno depresivo y la ansiedad durante la pandemia, publicados entre&nbsp;el 1 de enero de 2020 y el 29 de enero de 2021, para despu\u00e9s reunir, clasificar y representar todos los datos en una&nbsp;metarregresi\u00f3n.&nbsp;Para medir el impacto de la pandemia en un \u00e1rea determinada, el equipo analiz\u00f3 las tasas diarias de infecci\u00f3n, las restricciones a la movilidad y las tasas de mortalidad excesiva diaria.&nbsp;<\/p>\n\n\n\n<p>Se determin\u00f3 que la prevalencia del trastorno depresivo mayor y el trastorno de ansiedad est\u00e1&nbsp;<strong>directamente vinculada<\/strong>&nbsp;con las tasas de movilidad humana y contagio con la enfermedad.&nbsp;<\/p>\n\n\n\n<p>Seg\u00fan los resultados,&nbsp;a nivel mundial <strong>53,2 millones de personas<\/strong> sufrieron&nbsp;<strong>trastorno depresivo&nbsp;mayor<\/strong>, lo que supone un aumento de nuevos casos en <strong>un 27,6%.<\/strong> De este modo, la prevalencia total de la enfermedad fue de 3.152,9 casos por 100.000 habitantes. Al mismo tiempo, los cient\u00edficos apuntaron a la aparici\u00f3n de <strong>76,2 millones de personas<\/strong> adicionales con&nbsp;trastornos de ansiedad (crecimiento&nbsp;de m\u00e1s del 25%).&nbsp;<\/p>\n\n\n\n<p>De acuerdo al estudio, la pandemia llev\u00f3 a \u00ab<strong>una urgencia<\/strong> cada vez mayor para <strong>fortalecer los sistemas de salud mental<\/strong> en la mayor\u00eda de los pa\u00edses\u00bb. Las estrategias de mitigaci\u00f3n deber\u00edan apuntar a las causas de la mala salud mental, y podr\u00edan incorporar formas de promover el bienestar mental e\u00a0intervenciones para tratar a las personas con dichos trastornos.\u00a0<\/p>\n\n\n\n<p>RT<\/p>\n","protected":false},"excerpt":{"rendered":"<p>Investigadores llegaron a esta conclusi\u00f3n al realizar una revisi\u00f3n sistem\u00e1tica de los informes cient\u00edficos sobre la prevalencia de estas enfermedades. M\u00e1s de 50 millones de\u00a0personas sufrieron trastornos depresivos graves en el 2020 debido a la pandemia, seg\u00fan\u00a0un estudio de cient\u00edficos australianos, publicado este viernes en la revista The Lancet.\u00a0 \u00abAntes del 2020, los trastornos mentales [&hellip;]<\/p>\n","protected":false},"author":1,"featured_media":42071,"comment_status":"closed","ping_status":"closed","sticky":false,"template":"","format":"standard","meta":{"rop_custom_images_group":[],"rop_custom_messages_group":[],"rop_publish_now":"initial","rop_publish_now_accounts":[],"rop_publish_now_history":[],"rop_publish_now_status":"pending","footnotes":""},"categories":[75,71],"tags":[23],"class_list":["post-42070","post","type-post","status-publish","format-standard","has-post-thumbnail","hentry","category-actualidad","category-salud","tag-destacado"],"_links":{"self":[{"href":"https:\/\/notiissa.mx\/index.php?rest_route=\/wp\/v2\/posts\/42070","targetHints":{"allow":["GET"]}}],"collection":[{"href":"https:\/\/notiissa.mx\/index.php?rest_route=\/wp\/v2\/posts"}],"about":[{"href":"https:\/\/notiissa.mx\/index.php?rest_route=\/wp\/v2\/types\/post"}],"author":[{"embeddable":true,"href":"https:\/\/notiissa.mx\/index.php?rest_route=\/wp\/v2\/users\/1"}],"replies":[{"embeddable":true,"href":"https:\/\/notiissa.mx\/index.php?rest_route=%2Fwp%2Fv2%2Fcomments&post=42070"}],"version-history":[{"count":1,"href":"https:\/\/notiissa.mx\/index.php?rest_route=\/wp\/v2\/posts\/42070\/revisions"}],"predecessor-version":[{"id":42072,"href":"https:\/\/notiissa.mx\/index.php?rest_route=\/wp\/v2\/posts\/42070\/revisions\/42072"}],"wp:featuredmedia":[{"embeddable":true,"href":"https:\/\/notiissa.mx\/index.php?rest_route=\/wp\/v2\/media\/42071"}],"wp:attachment":[{"href":"https:\/\/notiissa.mx\/index.php?rest_route=%2Fwp%2Fv2%2Fmedia&parent=42070"}],"wp:term":[{"taxonomy":"category","embeddable":true,"href":"https:\/\/notiissa.mx\/index.php?rest_route=%2Fwp%2Fv2%2Fcategories&post=42070"},{"taxonomy":"post_tag","embeddable":true,"href":"https:\/\/notiissa.mx\/index.php?rest_route=%2Fwp%2Fv2%2Ftags&post=42070"}],"curies":[{"name":"wp","href":"https:\/\/api.w.org\/{rel}","templated":true}]}}