{"id":42054,"date":"2021-10-10T13:37:38","date_gmt":"2021-10-10T13:37:38","guid":{"rendered":"https:\/\/notiissa.mx\/?p=42054"},"modified":"2021-10-10T13:37:39","modified_gmt":"2021-10-10T13:37:39","slug":"pide-diputado-subsidio-del-gas-lp-natural-y-gasoleo-para-noviembre","status":"publish","type":"post","link":"https:\/\/notiissa.mx\/?p=42054","title":{"rendered":"Pide diputado subsidio del Gas LP , natural y gas\u00f3leo para noviembre"},"content":{"rendered":"\n<p>\u201cHemos resuelto acudir a la agenda pol\u00edtica nacional, en esta ocasi\u00f3n para alzar nuestra solicitud de auxilio y apoyo en busca de acceder a los programas de subsidio al precio del Gas, \u00e9ste energ\u00e9tico que los propios instrumentos internacionales de derechos humanos, lo han considerado como un elemento indisoluble para alcanzar la calidad de vida digna\u201d, resalt\u00f3 Carlos Olson ante el pleno del congreso del Estado.<\/p>\n\n\n\n<p>En los recorridos y reuniones que ha tenido el diputado por su distrito, desde los primeros d\u00edas de su gesti\u00f3n, los vecinos se han mostrado preocupados, porque se avecina un clima extremadamente fr\u00edo, as\u00ed como lluvias torrenciales, heladas y hasta inundaciones. Es por eso la necesidad de exhortar al Gobierno Federal en especial a las Secretar\u00edas de Energ\u00eda, Hacienda y Cr\u00e9dito P\u00fablico, de Econom\u00eda y a la Comisi\u00f3n Reguladora de Energ\u00eda, para que tengan a bien analizar , pero sobre todo de &nbsp;autorizar un subsidio o tarifa preferencial tanto del Gas L.P., gas natural, as\u00ed como al precio del gas\u00f3leo de uso dom\u00e9stico, durante el mes de noviembre.<\/p>\n\n\n\n<p>En su mensaje, propone el legislador del PAN, el no tener que esperar a las noticias para saber de las emergencias por los fuertes fr\u00edos que se vienen al Estado, por eso tener una propuesta para darle prevenci\u00f3n a estos futuros casos. Esto es un asunto sensible y de alta prioridad, porque el Gas LP, hasta el momento se ha elevado en un 35% en tan solo 12 meses. Su aumento no ha sido posible el controlarlo, aun con todo y las pol\u00edticas que dice mantener la 4T.<\/p>\n\n\n\n<p>Con estas acciones no solo podemos prevenir el alto costo, sino tambi\u00e9n que la poblaci\u00f3n pueda abastecerse de forma eficiente y con buenos precios, dijo Carlos Olson.<\/p>\n","protected":false},"excerpt":{"rendered":"<p>\u201cHemos resuelto acudir a la agenda pol\u00edtica nacional, en esta ocasi\u00f3n para alzar nuestra solicitud de auxilio y apoyo en busca de acceder a los programas de subsidio al precio del Gas, \u00e9ste energ\u00e9tico que los propios instrumentos internacionales de derechos humanos, lo han considerado como un elemento indisoluble para alcanzar la calidad de vida [&hellip;]<\/p>\n","protected":false},"author":1,"featured_media":42055,"comment_status":"closed","ping_status":"closed","sticky":false,"template":"","format":"standard","meta":{"rop_custom_images_group":[],"rop_custom_messages_group":[],"rop_publish_now":"initial","rop_publish_now_accounts":[],"rop_publish_now_history":[],"rop_publish_now_status":"pending","footnotes":""},"categories":[67,61,72],"tags":[23],"class_list":["post-42054","post","type-post","status-publish","format-standard","has-post-thumbnail","hentry","category-ciudad","category-economia","category-estado","tag-destacado"],"_links":{"self":[{"href":"https:\/\/notiissa.mx\/index.php?rest_route=\/wp\/v2\/posts\/42054","targetHints":{"allow":["GET"]}}],"collection":[{"href":"https:\/\/notiissa.mx\/index.php?rest_route=\/wp\/v2\/posts"}],"about":[{"href":"https:\/\/notiissa.mx\/index.php?rest_route=\/wp\/v2\/types\/post"}],"author":[{"embeddable":true,"href":"https:\/\/notiissa.mx\/index.php?rest_route=\/wp\/v2\/users\/1"}],"replies":[{"embeddable":true,"href":"https:\/\/notiissa.mx\/index.php?rest_route=%2Fwp%2Fv2%2Fcomments&post=42054"}],"version-history":[{"count":1,"href":"https:\/\/notiissa.mx\/index.php?rest_route=\/wp\/v2\/posts\/42054\/revisions"}],"predecessor-version":[{"id":42056,"href":"https:\/\/notiissa.mx\/index.php?rest_route=\/wp\/v2\/posts\/42054\/revisions\/42056"}],"wp:featuredmedia":[{"embeddable":true,"href":"https:\/\/notiissa.mx\/index.php?rest_route=\/wp\/v2\/media\/42055"}],"wp:attachment":[{"href":"https:\/\/notiissa.mx\/index.php?rest_route=%2Fwp%2Fv2%2Fmedia&parent=42054"}],"wp:term":[{"taxonomy":"category","embeddable":true,"href":"https:\/\/notiissa.mx\/index.php?rest_route=%2Fwp%2Fv2%2Fcategories&post=42054"},{"taxonomy":"post_tag","embeddable":true,"href":"https:\/\/notiissa.mx\/index.php?rest_route=%2Fwp%2Fv2%2Ftags&post=42054"}],"curies":[{"name":"wp","href":"https:\/\/api.w.org\/{rel}","templated":true}]}}