{"id":41977,"date":"2021-10-07T13:22:36","date_gmt":"2021-10-07T13:22:36","guid":{"rendered":"https:\/\/notiissa.mx\/?p=41977"},"modified":"2021-10-07T13:22:37","modified_gmt":"2021-10-07T13:22:37","slug":"ismael-perez-no-dejare-solos-a-los-municipios-vamos-juntos","status":"publish","type":"post","link":"https:\/\/notiissa.mx\/?p=41977","title":{"rendered":"Ismael P\u00e9rez: \u201cNo dejar\u00e9 solos a los Municipios, vamos juntos\u201d"},"content":{"rendered":"\n<p>Chihuahua.- El diputado del distrito 11, Ismael P\u00e9rez Pav\u00eda instal\u00f3 la Comisi\u00f3n de Desarrollo Municipal y Fortalecimiento del Federalismo del Congreso del Estado, la cual preside y d\u00f3nde se comprometi\u00f3 a construir bases m\u00e1s solidas con los ayuntamientos.<\/p>\n\n\n\n<p>Invit\u00f3 a los representantes de cada municipio a reunirse por lo menos una vez al mes, pues dijo, urge un redise\u00f1o en las formulas de asignaci\u00f3n de recursos d\u00f3nde se revise a fondo las facultades reglamentarias de los municipios en materia hacendaria.<\/p>\n\n\n\n<p>Junto a la secretaria de la comisi\u00f3n, la diputada Leticia Ortega M\u00e1ynez y el vocal Sa\u00fal Mireles Corral, el legislador manifest\u00f3 que desde su papel como alcalde en Meoqui observ\u00f3 como algunas zonas no ten\u00edan una actualizaci\u00f3n en los valores catastrales.<\/p>\n\n\n\n<p>Por este motivo, propuso rescatar al municipalismo, a trav\u00e9s de un paquete legislativo que permita brindarles m\u00e1s recursos a los ayuntamientos todo en el margen de la transparencia.<\/p>\n\n\n\n<p>Los invitados especiales que acudieron, fueron la alcaldesa de Meoqui, Miriam Soto; el secretario del Ayuntamiento de Delicias, Alejandro Bad\u00eda y el secretario del Ayuntamiento de Chihuahua, Santiago de la Pe\u00f1a, quienes se comprometieron a trabajar coordinados y sobre todo refrendaron su respaldo para la comisi\u00f3n, pues son la autoridad m\u00e1s cercana a los ciudadanos, por ello se necesita estar unidos.<\/p>\n","protected":false},"excerpt":{"rendered":"<p>Chihuahua.- El diputado del distrito 11, Ismael P\u00e9rez Pav\u00eda instal\u00f3 la Comisi\u00f3n de Desarrollo Municipal y Fortalecimiento del Federalismo del Congreso del Estado, la cual preside y d\u00f3nde se comprometi\u00f3 a construir bases m\u00e1s solidas con los ayuntamientos. Invit\u00f3 a los representantes de cada municipio a reunirse por lo menos una vez al mes, pues [&hellip;]<\/p>\n","protected":false},"author":1,"featured_media":41978,"comment_status":"closed","ping_status":"closed","sticky":false,"template":"","format":"standard","meta":{"rop_custom_images_group":[],"rop_custom_messages_group":[],"rop_publish_now":"initial","rop_publish_now_accounts":[],"rop_publish_now_history":[],"rop_publish_now_status":"pending","footnotes":""},"categories":[67,72],"tags":[],"class_list":["post-41977","post","type-post","status-publish","format-standard","has-post-thumbnail","hentry","category-ciudad","category-estado"],"_links":{"self":[{"href":"https:\/\/notiissa.mx\/index.php?rest_route=\/wp\/v2\/posts\/41977","targetHints":{"allow":["GET"]}}],"collection":[{"href":"https:\/\/notiissa.mx\/index.php?rest_route=\/wp\/v2\/posts"}],"about":[{"href":"https:\/\/notiissa.mx\/index.php?rest_route=\/wp\/v2\/types\/post"}],"author":[{"embeddable":true,"href":"https:\/\/notiissa.mx\/index.php?rest_route=\/wp\/v2\/users\/1"}],"replies":[{"embeddable":true,"href":"https:\/\/notiissa.mx\/index.php?rest_route=%2Fwp%2Fv2%2Fcomments&post=41977"}],"version-history":[{"count":1,"href":"https:\/\/notiissa.mx\/index.php?rest_route=\/wp\/v2\/posts\/41977\/revisions"}],"predecessor-version":[{"id":41979,"href":"https:\/\/notiissa.mx\/index.php?rest_route=\/wp\/v2\/posts\/41977\/revisions\/41979"}],"wp:featuredmedia":[{"embeddable":true,"href":"https:\/\/notiissa.mx\/index.php?rest_route=\/wp\/v2\/media\/41978"}],"wp:attachment":[{"href":"https:\/\/notiissa.mx\/index.php?rest_route=%2Fwp%2Fv2%2Fmedia&parent=41977"}],"wp:term":[{"taxonomy":"category","embeddable":true,"href":"https:\/\/notiissa.mx\/index.php?rest_route=%2Fwp%2Fv2%2Fcategories&post=41977"},{"taxonomy":"post_tag","embeddable":true,"href":"https:\/\/notiissa.mx\/index.php?rest_route=%2Fwp%2Fv2%2Ftags&post=41977"}],"curies":[{"name":"wp","href":"https:\/\/api.w.org\/{rel}","templated":true}]}}