{"id":41932,"date":"2021-10-05T17:06:09","date_gmt":"2021-10-05T17:06:09","guid":{"rendered":"https:\/\/notiissa.mx\/?p=41932"},"modified":"2021-10-05T17:06:11","modified_gmt":"2021-10-05T17:06:11","slug":"se-reune-marco-bonilla-con-atletas-olimpicos-y-paralimpicos-chihuahuenses","status":"publish","type":"post","link":"https:\/\/notiissa.mx\/?p=41932","title":{"rendered":"Se re\u00fane Marco Bonilla con atletas ol\u00edmpicos y paral\u00edmpicos chihuahuenses"},"content":{"rendered":"\n<p>-Estuvo acompa\u00f1ado por Juan Jos\u00e9 Abdo Fierro, director del IMCFD.<\/p>\n\n\n\n<p><em>-Reconci\u00f3 el desempe\u00f1o y representaci\u00f3n de las y los atletas en los juegos<\/em>.<\/p>\n\n\n\n<p>El alcalde de Chihuahua, Marco Bonilla se reuni\u00f3 con las y los atletas ol\u00edmpicos y paral\u00edmpicos que representaron a Chihuahua en las pasadas Olimpiadas de Tokio 2020.<\/p>\n\n\n\n<p><br>\u201cEstar\u00e1n de acuerdo conmigo que la fiesta ol\u00edmpica es el momento en que el mundo encuentra la paz en toda su plenitud, ah\u00ed el suelo es parejo, todas y todos tienen las mismas posibilidades, no hay diferencias y su bandera es una sola, eso es lo que los invito a difundir aqu\u00ed en Chihuahua Capital.\u201d Coment\u00f3 el edil.<\/p>\n\n\n\n<p><br>Por otra parte, el presidente pidi\u00f3 a las y los atletas su apoyo para promocionar el deporte dentro de la ciudad as\u00ed como el compromiso de continuar apoyando a los atletas con proyectos como el del \u201cPolideportivo Luis H. \u00c1lvarez\u201d, el cual mencion\u00f3 ser\u00e1 punta de lanza para que las y los deportistas chihuahuenses contin\u00faen con su preparaci\u00f3n y as\u00ed convertir a Chihuahua en una capital competitiva en materia deportiva.<\/p>\n\n\n\n<p><br>El alcalde estuvo acompa\u00f1ad por Juan Jos\u00e9 Abdo Fierro, director del IMCFD; Roberto Moreno Ponce, Subdirector de Deporte Popular; Byanca Melissa Rodr\u00edguez Villanueva, atleta de nataci\u00f3n; Norma Alicia Corral Santill\u00e1n, jefe de Oficina de Gesti\u00f3n Social y Apoyos; Daniela Andrea Mart\u00ednez Mariscal, atleta paral\u00edmpica de Tae Kwon Do; Horacio Nava Reza, atleta de marcha; Andr\u00e9s Eduardo Olivas N\u00fa\u00f1ez, atleta de marcha; Nicol\u00e1s Torres P\u00e9rez, entrenador de nataci\u00f3n y Miguel \u00c1ngel Rodr\u00edguez Gallegos, entrenador de marcha.<\/p>\n","protected":false},"excerpt":{"rendered":"<p>-Estuvo acompa\u00f1ado por Juan Jos\u00e9 Abdo Fierro, director del IMCFD. -Reconci\u00f3 el desempe\u00f1o y representaci\u00f3n de las y los atletas en los juegos. El alcalde de Chihuahua, Marco Bonilla se reuni\u00f3 con las y los atletas ol\u00edmpicos y paral\u00edmpicos que representaron a Chihuahua en las pasadas Olimpiadas de Tokio 2020. \u201cEstar\u00e1n de acuerdo conmigo que [&hellip;]<\/p>\n","protected":false},"author":1,"featured_media":41933,"comment_status":"closed","ping_status":"closed","sticky":false,"template":"","format":"standard","meta":{"rop_custom_images_group":[],"rop_custom_messages_group":[],"rop_publish_now":"initial","rop_publish_now_accounts":[],"rop_publish_now_history":[],"rop_publish_now_status":"pending","footnotes":""},"categories":[67],"tags":[23],"class_list":["post-41932","post","type-post","status-publish","format-standard","has-post-thumbnail","hentry","category-ciudad","tag-destacado"],"_links":{"self":[{"href":"https:\/\/notiissa.mx\/index.php?rest_route=\/wp\/v2\/posts\/41932","targetHints":{"allow":["GET"]}}],"collection":[{"href":"https:\/\/notiissa.mx\/index.php?rest_route=\/wp\/v2\/posts"}],"about":[{"href":"https:\/\/notiissa.mx\/index.php?rest_route=\/wp\/v2\/types\/post"}],"author":[{"embeddable":true,"href":"https:\/\/notiissa.mx\/index.php?rest_route=\/wp\/v2\/users\/1"}],"replies":[{"embeddable":true,"href":"https:\/\/notiissa.mx\/index.php?rest_route=%2Fwp%2Fv2%2Fcomments&post=41932"}],"version-history":[{"count":1,"href":"https:\/\/notiissa.mx\/index.php?rest_route=\/wp\/v2\/posts\/41932\/revisions"}],"predecessor-version":[{"id":41934,"href":"https:\/\/notiissa.mx\/index.php?rest_route=\/wp\/v2\/posts\/41932\/revisions\/41934"}],"wp:featuredmedia":[{"embeddable":true,"href":"https:\/\/notiissa.mx\/index.php?rest_route=\/wp\/v2\/media\/41933"}],"wp:attachment":[{"href":"https:\/\/notiissa.mx\/index.php?rest_route=%2Fwp%2Fv2%2Fmedia&parent=41932"}],"wp:term":[{"taxonomy":"category","embeddable":true,"href":"https:\/\/notiissa.mx\/index.php?rest_route=%2Fwp%2Fv2%2Fcategories&post=41932"},{"taxonomy":"post_tag","embeddable":true,"href":"https:\/\/notiissa.mx\/index.php?rest_route=%2Fwp%2Fv2%2Ftags&post=41932"}],"curies":[{"name":"wp","href":"https:\/\/api.w.org\/{rel}","templated":true}]}}