{"id":41755,"date":"2021-09-28T18:22:26","date_gmt":"2021-09-28T18:22:26","guid":{"rendered":"https:\/\/notiissa.mx\/?p=41755"},"modified":"2021-09-28T18:22:28","modified_gmt":"2021-09-28T18:22:28","slug":"invitan-al-ficuu-2021-para-festejar-el-312-aniversario-de-la-ciudad-de-chihuahua","status":"publish","type":"post","link":"https:\/\/notiissa.mx\/?p=41755","title":{"rendered":"Invitan al FICUU 2021 para festejar el 312 aniversario de la ciudad de Chihuahua"},"content":{"rendered":"\n<p><\/p>\n\n\n\n<ul class=\"wp-block-list\"><li>Piden a familias respetar medidas de salud en las actividades del festival.<\/li><\/ul>\n\n\n\n<p>Ciudad de Chihuahua.- En el marco del 312 aniversario de la fundaci\u00f3n de la ciudad de Chihuahua el Gobierno Municipal anunci\u00f3 las actividades del Festival Internacional de la Ciudad de Chihuahua (FICUU) 2021, que contempla diversas actividades de m\u00fasica, artes visuales, muralismo, teatro, literatura y gastronom\u00eda.<\/p>\n\n\n\n<p>El alcalde de Chihuahua, Marco Bonilla, invit\u00f3 a las familias chihuahuenses a que acudan a las diversas actividades que se realizar\u00e1n en el FICUU 2021 que ser\u00e1 del 12 al 23 de octubre el cual tendr\u00e1 la participaci\u00f3n de 250 artistas invitados, por lo que exhort\u00f3 a la ciudadan\u00eda a disfrutar de los espect\u00e1culos de manera responsable y con todas medidas sanitarias establecidas.<\/p>\n\n\n\n<p>Asimismo, mencion\u00f3 que se realizar\u00e1 una inversi\u00f3n de 7 millones de pesos para el festival, con el cual se busca impulsar la reactivaci\u00f3n econ\u00f3mica, esperando que se tenga una derrama econ\u00f3mica de 30 millones de pesos para los comercios y establecimientos locales.<\/p>\n\n\n\n<p>Por su parte, la directora del Instituto Municipal de Cultura, Fernanda Bencomo, coment\u00f3 que, a trav\u00e9s del arte y la cultura, esperan que pueda darse una reactivaci\u00f3n y promoci\u00f3n del talento chihuahuense.<\/p>\n\n\n\n<p>Tambi\u00e9n, dio a conocer que se contar\u00e1 con la asistencia de diversos artistas como: Tropa Clown, Base Stereo Club, Sofia Trenti, Mural interactivo, Blyat, Cuarteto Cantabile, Paola Tasai, Throne, mercadito Meraki de artesanias y manualidades, Nine Munich, El Morral del Abuelo, Musas, Alberto Romero, Jazzte\u00f1o, Swisifo, Abigail GV, Carlos Alberto Vel\u00e1zquez, Yuri Quintana, Orquesta Sinf\u00f3nica Apassionato, Edna Nao, Edsonaris, Pretty Girls, Alquimia, Sr. Amable, Juan Carlos Heredia, OFECH, Sous Sol, Norte\u00f1os Chingones, Pau Laggies, Dromedarios M\u00e1gicos, Desde el desierto, Novecento, entre otros.<\/p>\n\n\n\n<p>Cabe mencionar que se instalar\u00e1n tres escenarios, de los cuales dos se encontrar\u00e1n en el Centro Hist\u00f3rico, uno en la Plaza de Armas y el otro a un costado de Palacio Gobierno; mientras que el tercer escenario se ubicar\u00e1 en la Presa el Rej\u00f3n, con formato picnic; mientras que el Teatro de la Ciudad ser\u00e1 sede de la presentaci\u00f3n de tres obras, una de ellas dirigida a p\u00fablico Infantil, cuyos boletos se entregar\u00e1n un d\u00eda antes de las funciones teatrales en la taquilla del recinto.<\/p>\n\n\n\n<p>En el tema de aforo se inform\u00f3 que para el Centro Hist\u00f3rico se proyecta una asistencia de 3 mil 500 personas o alrededor de mil 500 por escenario, as\u00ed como de 500 para el bazar y mercadito que se instalar\u00e1 en este sitio, mientras que para la zona de la Presa El Rej\u00f3n, se contemplan mil 500 asistentes.<\/p>\n\n\n\n<p>Checa la cartelera del FICUU 2021:<\/p>\n\n\n\n<p>CENTRO HIST\u00d3RICO<\/p>\n\n\n\n<ul class=\"wp-block-list\"><li>Escenario Plaza de Armas 14 de octubre<br>05:00 pm Libertad Ortega<br>06:00 pm. Base Stereo Club<br>07:00 pm Sofia Trenti<br>08:00 pm Los Vendavales<\/li><li>Escenario Vicente Guerrero 14 de octubre<br>05:30 pm Blyat<br>06:30 pm Cuarteto Cantabile<br>07:30 pm Paola Tasai<br>08:30 pm Throne<\/li><li>Escenario Plaza de Armas 15 de octubre<br>05:00 pm Nine Munich<br>06:00 pm El Morral del Abuelo<br>07:00 pm Musas<br>08:00 pm Alberto Romero<\/li><li>Escenario Vicente Guerrero 15 de octubre<br>05:30 pm Jazzte\u00f1o<br>06:30 pm Swisifo<br>07:30 pm Abigail GV<br>08:30 pm Carlos Alberto Vel\u00e1zquez<\/li><li>Escenario Plaza de Armas 16 de octubre<br>05:00 pm Yuri Quintana<br>06:00 pm Orquesta Sinf\u00f3nica Apassionato<br>07:00 pm Orbital Boss<br>08:00 pm Edna Nao<\/li><li>Escenario Vicente Guerrero 16 de octubre<br>05:30 pm Edsonaris<br>06:30 pm Pretty Girls<br>07:30 pm Alquimia<br>08:30 pm Sr. Amable<\/li><\/ul>\n\n\n\n<p>EL REJ\u00d3N<\/p>\n\n\n\n<ul class=\"wp-block-list\"><li>Mi\u00e9rcoles 20 de octubre<br>06:00 pm Juan Carlos Heredia<br>07:30 pm OFECH<\/li><li>Jueves 21 de octubre<br>06:00 pm Sous Sol<br>07:30 pm Norte\u00f1os Chingones<\/li><li>S\u00e1bado 23 de octubre<br>06:00 pm Pau Laggies<br>07:30 pm Dromedarios M\u00e1gicos<br>9:00 pm La Garfield<\/li><\/ul>\n\n\n\n<p>TEATRO DE LA CIUDAD<\/p>\n\n\n\n<ul class=\"wp-block-list\"><li>Jueves 14 de octubre<br>07:00 pm Desde el Desierto<\/li><li>Domingo 17 de octubre<br>04:00 pm Memoria de Gigantes<\/li><li>Viernes 22 de octubre<br>5:00 pm Novecento<\/li><\/ul>\n\n\n\n<p>CENTRO DE DESARROLLO CULTURAL<\/p>\n\n\n\n<ul class=\"wp-block-list\"><li>Viernes 22 de octubre<br>11:00 pm Inauguraci\u00f3n \u00abChihuahua, Creadores emergentes\u00bb<\/li><\/ul>\n\n\n\n<p>MUSEO SEBASTIAN<\/p>\n\n\n\n<ul class=\"wp-block-list\"><li>Mi\u00e9rcoles 13 de octubre<br>6:00 pm Presentaci\u00f3n del Libro \u00bb Chihuahua, ciudad proceder\u00bb.<br>6:30 pm Grupo latinoamericano<\/li><\/ul>\n\n\n\n<p>Adem\u00e1s, se contar\u00e1 con Mural interactivo, Mercadito Meraki de artesan\u00edas y manualidades y pirotecnia al finalizar los eventos.<\/p>\n","protected":false},"excerpt":{"rendered":"<p>Piden a familias respetar medidas de salud en las actividades del festival. Ciudad de Chihuahua.- En el marco del 312 aniversario de la fundaci\u00f3n de la ciudad de Chihuahua el Gobierno Municipal anunci\u00f3 las actividades del Festival Internacional de la Ciudad de Chihuahua (FICUU) 2021, que contempla diversas actividades de m\u00fasica, artes visuales, muralismo, teatro, [&hellip;]<\/p>\n","protected":false},"author":1,"featured_media":41756,"comment_status":"closed","ping_status":"closed","sticky":false,"template":"","format":"standard","meta":{"rop_custom_images_group":[],"rop_custom_messages_group":[],"rop_publish_now":"initial","rop_publish_now_accounts":[],"rop_publish_now_history":[],"rop_publish_now_status":"pending","footnotes":""},"categories":[67,70],"tags":[23],"class_list":["post-41755","post","type-post","status-publish","format-standard","has-post-thumbnail","hentry","category-ciudad","category-espectaculos","tag-destacado"],"_links":{"self":[{"href":"https:\/\/notiissa.mx\/index.php?rest_route=\/wp\/v2\/posts\/41755","targetHints":{"allow":["GET"]}}],"collection":[{"href":"https:\/\/notiissa.mx\/index.php?rest_route=\/wp\/v2\/posts"}],"about":[{"href":"https:\/\/notiissa.mx\/index.php?rest_route=\/wp\/v2\/types\/post"}],"author":[{"embeddable":true,"href":"https:\/\/notiissa.mx\/index.php?rest_route=\/wp\/v2\/users\/1"}],"replies":[{"embeddable":true,"href":"https:\/\/notiissa.mx\/index.php?rest_route=%2Fwp%2Fv2%2Fcomments&post=41755"}],"version-history":[{"count":1,"href":"https:\/\/notiissa.mx\/index.php?rest_route=\/wp\/v2\/posts\/41755\/revisions"}],"predecessor-version":[{"id":41757,"href":"https:\/\/notiissa.mx\/index.php?rest_route=\/wp\/v2\/posts\/41755\/revisions\/41757"}],"wp:featuredmedia":[{"embeddable":true,"href":"https:\/\/notiissa.mx\/index.php?rest_route=\/wp\/v2\/media\/41756"}],"wp:attachment":[{"href":"https:\/\/notiissa.mx\/index.php?rest_route=%2Fwp%2Fv2%2Fmedia&parent=41755"}],"wp:term":[{"taxonomy":"category","embeddable":true,"href":"https:\/\/notiissa.mx\/index.php?rest_route=%2Fwp%2Fv2%2Fcategories&post=41755"},{"taxonomy":"post_tag","embeddable":true,"href":"https:\/\/notiissa.mx\/index.php?rest_route=%2Fwp%2Fv2%2Ftags&post=41755"}],"curies":[{"name":"wp","href":"https:\/\/api.w.org\/{rel}","templated":true}]}}