{"id":4168,"date":"2015-07-31T14:32:23","date_gmt":"2015-07-31T14:32:23","guid":{"rendered":"http:\/\/notiissa.mx\/?p=4168"},"modified":"2015-07-31T14:32:23","modified_gmt":"2015-07-31T14:32:23","slug":"rajoy-espana-crecera-mas-que-estados-unidos","status":"publish","type":"post","link":"https:\/\/notiissa.mx\/?p=4168","title":{"rendered":"Rajoy: \u00abEspa\u00f1a crecer\u00e1 m\u00e1s que Estados Unidos\u00bb"},"content":{"rendered":"<div class=\"arcticle-summary\">\n<p style=\"text-align: justify;\">El presidente del Gobierno espa\u00f1ol, Mariano Rajoy, concede en La Moncloa la rueda de prensa para resumir los resultados de su Gobierno.<\/p>\n<\/div>\n<div class=\"arcticle-content\">\n<p style=\"text-align: justify;\">El presidente del Gobierno de Espa\u00f1a ofrece el \u00faltimo balance de su gesti\u00f3n antes de las elecciones generales.<\/p>\n<p style=\"text-align: justify;\">\u00abEn Espa\u00f1a hemos conseguido sortear los momentos m\u00e1s dificiles de la crisis\u00bb, ha dicho el presidente del Gobierno en rueda de prensa. Asimismo, ha recordado que las pensiones subir\u00e1n un 0,25% el pr\u00f3ximo a\u00f1o y que se prev\u00e9 un incremento salarial del 1%.<\/p>\n<p style=\"text-align: justify;\">Mariano Rajoy ha subrayado\u00a0\u00abla mejor\u00eda evidente de la econom\u00eda\u00bb y \u00abla recuperaci\u00f3n econ\u00f3mica\u00bb.\u00a0El mandatario ha pronosticado que Espa\u00f1a va a crecer m\u00e1s que Reino Unido y Estados Unidos: \u00abEspa\u00f1a es el pa\u00eds de los grandes de la <a href=\"http:\/\/actualidad.rt.com\/economia\/166925-eurozona-ue-economia-moneda\" target=\"_blank\">eurozona<\/a>\u00a0que m\u00e1s va a crecer. Y tambi\u00e9n creceremos m\u00e1s que el Reino Unido o que EE.UU.\u00bb.<\/p>\n<p style=\"text-align: justify;\">Sobre la dificil situaci\u00f3n econ\u00f3mica que atraviesa Grecia, Rajoy se ha mostrado esperanzado ante la posibilidad de un acuerdo que despeje todas las incertidumbres. \u00abVoy a trabajar para que aqu\u00ed no ocurra nada semejante a lo de Grecia\u00bb, ha prometido.<\/p>\n<p style=\"text-align: justify;\">El primer ministro espa\u00f1ol\u00a0se ha referido tambi\u00e9n a los presupuestos del Estado para el a\u00f1o 2016, afirmando que con ellos \u00abse cierra un periodo dificil\u00edsimo para espa\u00f1oles y se abre un periodo de creaci\u00f3n de empleo\u00bb.\u00a0\u00abEn definitiva creo que Espa\u00f1a est\u00e1 mucho mejor que antes\u00bb, ha subrayado.<\/p>\n<p>Sobre Catalu\u00f1a, el presidente del Gobierno espa\u00f1ol ha insistido en que \u00abno va a haber elecciones plebiscitarias, como nunca hubo refer\u00e9ndum\u00bb. \u00abEspa\u00f1a es un pa\u00eds serio\u00bb, ha recalcado.<\/p>\n<\/div>\n","protected":false},"excerpt":{"rendered":"<p>El presidente del Gobierno espa\u00f1ol, Mariano Rajoy, concede en La Moncloa la rueda de prensa para resumir los resultados de su Gobierno. El presidente del Gobierno de Espa\u00f1a ofrece el \u00faltimo balance de su gesti\u00f3n antes de las elecciones generales. \u00abEn Espa\u00f1a hemos conseguido sortear los momentos m\u00e1s dificiles de la crisis\u00bb, ha dicho el [&hellip;]<\/p>\n","protected":false},"author":1,"featured_media":4169,"comment_status":"open","ping_status":"open","sticky":false,"template":"","format":"standard","meta":{"rop_custom_images_group":[],"rop_custom_messages_group":[],"rop_publish_now":"initial","rop_publish_now_accounts":[],"rop_publish_now_history":[],"rop_publish_now_status":"pending","footnotes":""},"categories":[60],"tags":[],"class_list":["post-4168","post","type-post","status-publish","format-standard","has-post-thumbnail","hentry","category-sonnoticia"],"_links":{"self":[{"href":"https:\/\/notiissa.mx\/index.php?rest_route=\/wp\/v2\/posts\/4168","targetHints":{"allow":["GET"]}}],"collection":[{"href":"https:\/\/notiissa.mx\/index.php?rest_route=\/wp\/v2\/posts"}],"about":[{"href":"https:\/\/notiissa.mx\/index.php?rest_route=\/wp\/v2\/types\/post"}],"author":[{"embeddable":true,"href":"https:\/\/notiissa.mx\/index.php?rest_route=\/wp\/v2\/users\/1"}],"replies":[{"embeddable":true,"href":"https:\/\/notiissa.mx\/index.php?rest_route=%2Fwp%2Fv2%2Fcomments&post=4168"}],"version-history":[{"count":1,"href":"https:\/\/notiissa.mx\/index.php?rest_route=\/wp\/v2\/posts\/4168\/revisions"}],"predecessor-version":[{"id":4170,"href":"https:\/\/notiissa.mx\/index.php?rest_route=\/wp\/v2\/posts\/4168\/revisions\/4170"}],"wp:featuredmedia":[{"embeddable":true,"href":"https:\/\/notiissa.mx\/index.php?rest_route=\/wp\/v2\/media\/4169"}],"wp:attachment":[{"href":"https:\/\/notiissa.mx\/index.php?rest_route=%2Fwp%2Fv2%2Fmedia&parent=4168"}],"wp:term":[{"taxonomy":"category","embeddable":true,"href":"https:\/\/notiissa.mx\/index.php?rest_route=%2Fwp%2Fv2%2Fcategories&post=4168"},{"taxonomy":"post_tag","embeddable":true,"href":"https:\/\/notiissa.mx\/index.php?rest_route=%2Fwp%2Fv2%2Ftags&post=4168"}],"curies":[{"name":"wp","href":"https:\/\/api.w.org\/{rel}","templated":true}]}}