{"id":41538,"date":"2021-09-19T20:18:37","date_gmt":"2021-09-19T20:18:37","guid":{"rendered":"https:\/\/notiissa.mx\/?p=41538"},"modified":"2021-09-19T20:18:39","modified_gmt":"2021-09-19T20:18:39","slug":"integracion-regional-y-crisis-por-covid-marcan-la-vi-cumbre-de-la-celac-en-mexico","status":"publish","type":"post","link":"https:\/\/notiissa.mx\/?p=41538","title":{"rendered":"Integraci\u00f3n regional y crisis por covid marcan la VI cumbre de la Celac en M\u00e9xico"},"content":{"rendered":"\n<p>Durante la reuni\u00f3n de la Comunidad de Estados Latinoamericanos y Caribe\u00f1os (Celac) estuvo presente el presidente del Consejo Europeo, Charles Michel, y cont\u00f3 con mensajes en video del presidente de China, Xi Jinping, y del secretario general de Naciones Unidas, Antonio Guterres.<\/p>\n\n\n\n<p><strong>Una integraci\u00f3n pol\u00edtica y econ\u00f3mica para afrontar la crisis que ha dejado la pandemia del coronavirus y la urgencia de la solidaridad regional<\/strong> fueron los ejes de la VI cumbre de la Comunidad de Estados Latinoamericanos y Caribe\u00f1os (Celac) que se celebr\u00f3 en Ciudad de M\u00e9xico.<\/p>\n\n\n\n<p><strong>\u201cConstruir en el continente americano algo parecido a lo que fue la comunidad econ\u00f3mica que dio origen a la actual uni\u00f3n europea\u201d<\/strong>, propuso el presidente de M\u00e9xico, Andr\u00e9s Manuel L\u00f3pez Obrador, en su discurso de bienvenida en el evento en que estuvieron presentes 17 presidentes o jefes de Estado -18 si se cuenta al mexicano- dos vicepresidentes, 12 cancilleres y otros funcionarios.<\/p>\n\n\n\n<p><strong>La reuni\u00f3n estuvo marcada por la propuesta de crear un tratado econ\u00f3mico regional continental que incluya a Estados Unidos y Canad\u00e1,<\/strong> las cr\u00edticas y defensas a la Organizaci\u00f3n de Estados Americanos (OEA) as\u00ed como el rechazo a la presencia en la cumbre del presidente venezolano Nicol\u00e1s Maduro y cr\u00edticas a los Gobiernos como Cuba, Nicaragua y Venezuela.<\/p>\n\n\n\n<p><strong>El respaldo a la Celac, en contra del papel de la Organizaci\u00f3n de Estados Americanos (OEA),<\/strong> estuvo reflejado en la importancia de la presencia del presidente del Consejo Europeo, <strong>Charles Michel<\/strong>, y de los mensajes por video de apoyo remitidos por el presidente de China, <strong>Xi Jinping<\/strong>, y del secretario general de Naciones Unidas, <strong>Antonio Guterres.<\/strong><\/p>\n\n\n\n<p><strong>Como clausura de la reuni\u00f3n, el canciller Marcelo Ebrard destac\u00f3 que se han recaudado 15 millones de d\u00f3lares para el fondo de desastres de la regi\u00f3n<\/strong> y que se puso en marcha la Agencia Espacial de Latinoam\u00e9rica, adem\u00e1s del compromiso regional para que los pa\u00edses no queden rezagados en el proceso de vacunaci\u00f3n.<\/p>\n\n\n\n<p>L\u00f3pez Obrador insisti\u00f3 en su propuesta de crear un organismo similar a la Uni\u00f3n Europea en Latinoam\u00e9rica y el Caribe y para ello deben llegarse a acuerdos en tres cuestiones b\u00e1sicas: <strong>la no intervenci\u00f3n y la autodeterminaci\u00f3n de los pueblos,<\/strong> la cooperaci\u00f3n para el desarrollo y la ayuda mutua para combatir la desigualdad y la discriminaci\u00f3n.<\/p>\n\n\n\n<p>Hizo un llamado a la integraci\u00f3n econ\u00f3mica con Estados Unidos y Canad\u00e1, <strong>\u201cen un marco de respeto a las soberan\u00edas<\/strong>\u201c, as\u00ed como a terminar con bloqueos econ\u00f3micos y malos tratos.<\/p>\n\n\n\n<p>Dijo que la Celac puede ser su principal instrumento para consolidar relaciones entre pa\u00edses, comprometi\u00e9ndose a respetar las decisiones internas de cada uno. Por ello, propuso construir un acuerdo y firmar un tratado con Estados Unidos y Canad\u00e1, <strong>para fortalecer el mercado interno en el continente Americano.<\/strong><\/p>\n\n\n\n<p><strong>Luis Arce, presidente de Bolivia, fue el primero en levantar la voz en contra de la OEA<\/strong> pues asegur\u00f3 que este organismo \u201cno sirve\u201d y reclam\u00f3 un organismo \u201cque funcione con pr\u00e1cticas democr\u00e1ticas y que responda a la realidad respaldando la soberan\u00eda de los pa\u00edses y sin que haya interferencias\u201d. Inst\u00f3 a los miembros del bloque al fortalecer la Celac para enfrentar las deficiencias de la OEA.<\/p>\n\n\n\n<p><strong>En contraparte, Mario Abdo Ben\u00edtez, presidente de Paraguay, defendi\u00f3 el papel de la OEA<\/strong> pues dijo que tanto ese organismo como la propia Celac \u201creflejan la integraci\u00f3n de los pa\u00edses\u201d y deben ser potenciadas para que la regi\u00f3n sea fortalecida.<\/p>\n\n\n\n<p>En ese mismo sentido, <strong>Luis Lacalle<\/strong>, presidente de Uruguay, destac\u00f3 que la Celac <strong>no significa que est\u00e9 \u201cen desuso\u201d la participaci\u00f3n de la OEA<\/strong> y se\u00f1al\u00f3 que aunque es criticable tambi\u00e9n es materia de cambio y representa una oportunidad para resaltar lo bueno y criticar lo malo.<\/p>\n\n\n\n<p><strong>El presidente cubano, Miguel D\u00edaz-Canel, denunci\u00f3 la \u201coportunista campa\u00f1a de intereses de Estados Unidos contra Cuba\u201d<\/strong> y que se haya recrudecido el embargo estadounidense mientras se sufren \u201clas condiciones por la pandemia\u201d.<\/p>\n\n\n\n<p><strong>La reuni\u00f3n estuvo marcada por las cr\u00edticas que hicieron algunos mandatarios a la participaci\u00f3n del presidente venezolano, Nicol\u00e1s Maduro, <\/strong>en la cumbre, quien el viernes viaj\u00f3 por sorpresa a M\u00e9xico para participar en el evento.<\/p>\n\n\n\n<p><strong>\u201cMi presencia en esta cumbre en ning\u00fan sentido ni circunstancia representa un reconocimiento al Gobierno del se\u00f1or Nicol\u00e1s Maduro.<\/strong> No hay ning\u00fan cambio de postura de mi Gobierno, y creo que es de caballeros decirlo de frente\u201d, dijo el presidente paraguayo mientras ve\u00eda al mandatario venezolano presente en la sala.<\/p>\n\n\n\n<p>Por su parte, el mandatario uruguayo cuestion\u00f3 directamente a Cuba, Venezuela y Nicaragua, y dijo que no se pod\u00eda ser complaciente \u201ccuando no hay democracia plena, separaci\u00f3n de poderes y <strong>se utilizan los aparatos del Estado para reprimir a los disidentes y encarcelar a los opositores\u201d.<\/strong><\/p>\n\n\n\n<p><strong>En respuesta, Maduro dijo que se debe \u201cpasar la p\u00e1gina del divisionismo que se instal\u00f3 en la Am\u00e9rica Latina<\/strong>, del acoso a la revoluci\u00f3n bolivariana y ahora del acoso incesante a la revoluci\u00f3n cubana y nicarag\u00fcense, ese no es el camino\u201d, asegur\u00f3.<\/p>\n\n\n\n<p>Maduro ret\u00f3 a los presidentes de Uruguay y Paraguay a <strong>poner \u201cla fecha y el lugar para un debate\u201d sobre la democracia.<\/strong><\/p>\n\n\n\n<p><strong>La lucha contra el cambio clim\u00e1tico y el acceso universal a las vacunas contra la Covid-19<\/strong> estuvieron entre las principales preocupaciones que mostraron los presidentes de la regi\u00f3n.<\/p>\n\n\n\n<p><strong>Coincidieron en la urgencia de que las naciones reciban financiamiento para afrontar la crisis clim\u00e1tica,<\/strong> pues especialmente Centroam\u00e9rica y el Caribe son m\u00e1s vulnerables ante los eventos clim\u00e1ticos extremos, pero tambi\u00e9n est\u00e1n entre los menores emisores de gases de efecto invernadero.<\/p>\n\n\n\n<p><strong>Carlos Alvarado<\/strong>, presidente de Costa Rica, expres\u00f3 que \u201cel Caribe y Centroam\u00e9rica somos especialmente vulnerables a los climas extremos\u201d, pero <strong>advirti\u00f3 que \u201cen nuestra regi\u00f3n est\u00e1n las soluciones\u201d.<\/strong><\/p>\n\n\n\n<p><strong>Alejandro Giammattei<\/strong>, presidente guatemalteco, dijo que buscar\u00e1 en la ONU que<strong> Centroam\u00e9rica sea declarada una regi\u00f3n altamente vulnerable ante el cambio clim\u00e1tico<\/strong> para tener acceso a financiamiento clim\u00e1tico \u00e1gil.<\/p>\n\n\n\n<p>En cuanto a la pandemia, Giammattei denunci\u00f3 que el acceso justo, solidario, transparente y universal de medicamentos y vacunas contra la Covid-19<strong> \u201cest\u00e1 lejos de conseguirse\u201d.<\/strong><\/p>\n\n\n\n<p>El presidente peruano, <strong>Pedro Castillo<\/strong>, hizo un llamamiento a los pa\u00edses latinoamericanos y del Caribe a \u201cla unidad e integraci\u00f3n de nuestros pueblos\u201d y <strong>record\u00f3 que \u201cla pandemia ha venido a quedarse en cada uno de los pueblos,<\/strong> no es solo un problema sanitario, es un problema hist\u00f3rico\u201d.<\/p>\n\n\n\n<p><strong>Mientras que Mario Abdo Ben\u00edtez cuestion\u00f3 la desigualdad entre pa\u00edses de la regi\u00f3n<\/strong> para conseguir vacunas e insumos m\u00e9dicos durante la crisis sanitaria actual.<\/p>\n\n\n\n<p>EFE<\/p>\n\n\n\n<p>AN<\/p>\n\n\n\n<p><\/p>\n","protected":false},"excerpt":{"rendered":"<p>Durante la reuni\u00f3n de la Comunidad de Estados Latinoamericanos y Caribe\u00f1os (Celac) estuvo presente el presidente del Consejo Europeo, Charles Michel, y cont\u00f3 con mensajes en video del presidente de China, Xi Jinping, y del secretario general de Naciones Unidas, Antonio Guterres. Una integraci\u00f3n pol\u00edtica y econ\u00f3mica para afrontar la crisis que ha dejado la [&hellip;]<\/p>\n","protected":false},"author":1,"featured_media":41539,"comment_status":"closed","ping_status":"closed","sticky":false,"template":"","format":"standard","meta":{"rop_custom_images_group":[],"rop_custom_messages_group":[],"rop_publish_now":"initial","rop_publish_now_accounts":[],"rop_publish_now_history":[],"rop_publish_now_status":"pending","footnotes":""},"categories":[77,60],"tags":[23],"class_list":["post-41538","post","type-post","status-publish","format-standard","has-post-thumbnail","hentry","category-ni-lectoris","category-sonnoticia","tag-destacado"],"_links":{"self":[{"href":"https:\/\/notiissa.mx\/index.php?rest_route=\/wp\/v2\/posts\/41538","targetHints":{"allow":["GET"]}}],"collection":[{"href":"https:\/\/notiissa.mx\/index.php?rest_route=\/wp\/v2\/posts"}],"about":[{"href":"https:\/\/notiissa.mx\/index.php?rest_route=\/wp\/v2\/types\/post"}],"author":[{"embeddable":true,"href":"https:\/\/notiissa.mx\/index.php?rest_route=\/wp\/v2\/users\/1"}],"replies":[{"embeddable":true,"href":"https:\/\/notiissa.mx\/index.php?rest_route=%2Fwp%2Fv2%2Fcomments&post=41538"}],"version-history":[{"count":1,"href":"https:\/\/notiissa.mx\/index.php?rest_route=\/wp\/v2\/posts\/41538\/revisions"}],"predecessor-version":[{"id":41540,"href":"https:\/\/notiissa.mx\/index.php?rest_route=\/wp\/v2\/posts\/41538\/revisions\/41540"}],"wp:featuredmedia":[{"embeddable":true,"href":"https:\/\/notiissa.mx\/index.php?rest_route=\/wp\/v2\/media\/41539"}],"wp:attachment":[{"href":"https:\/\/notiissa.mx\/index.php?rest_route=%2Fwp%2Fv2%2Fmedia&parent=41538"}],"wp:term":[{"taxonomy":"category","embeddable":true,"href":"https:\/\/notiissa.mx\/index.php?rest_route=%2Fwp%2Fv2%2Fcategories&post=41538"},{"taxonomy":"post_tag","embeddable":true,"href":"https:\/\/notiissa.mx\/index.php?rest_route=%2Fwp%2Fv2%2Ftags&post=41538"}],"curies":[{"name":"wp","href":"https:\/\/api.w.org\/{rel}","templated":true}]}}