{"id":41348,"date":"2021-09-11T13:37:19","date_gmt":"2021-09-11T13:37:19","guid":{"rendered":"https:\/\/notiissa.mx\/?p=41348"},"modified":"2021-09-11T13:37:21","modified_gmt":"2021-09-11T13:37:21","slug":"rinde-protesta-marco-bonilla-mendoza-como-presidente-municipal","status":"publish","type":"post","link":"https:\/\/notiissa.mx\/?p=41348","title":{"rendered":"Rinde protesta Marco Bonilla Mendoza como presidente municipal"},"content":{"rendered":"\n<figure class=\"wp-block-table\"><table><tbody><tr><td><strong>Ciudad de Chihuahua.- <\/strong>\u00a0 En sesi\u00f3n solemne de Cabildo, la cual tuvo lugar en el Centro de Convenciones, Marco Antonio Bonilla Mendoza rindi\u00f3 protesta la noche de este 10 de septiembre como Presidente Municipal de Chihuahua por el per\u00edodo 2021-2024.<br><br>Asimismo, durante la sesi\u00f3n se llev\u00f3 a cabo la toma de protesta a las y los regidores que integrar\u00e1n el Ayuntamiento de la nueva administraci\u00f3n municipal, los cuales son: <br>Ernesto Ibarra Sarmiento, regidor <br>Graciela Rojas Carrillo, regidora<br>Mar\u00eda Guadalupe Borruel Baquera, regidora <br>F\u00e9lix Arturo Mart\u00ednez Adriano, regidor<br>Francisco Javier Turati Mu\u00f1oz, regidor<br>Issac D\u00edaz Gurrola, regidor <br>Joceline Vega Vargas, regidor <br>Juan Pablo Campos L\u00f3pez, regidor<br>Raquel Bravo Osuna, regidora <br>Blanca Patricia Ulate Bernal, regidora <br>Diana Azucena Acosta L\u00f3pez, regidora <br>Alejandro Iv\u00e1n Mor\u00e1n Quintana, regidor<br>Eliel Alfredo Garc\u00eda Ramos, regidor<br>Eva Am\u00e9rica Mayagotia Padilla, regidora<br>Indra Manzo Rasc\u00f3n, regidora<br>Ishtar Ibarra Barraza, regidora <br>Jos\u00e9 Alfredo Navarrete D\u00edaz, regidor<br>Nadia Hanoi Aguilar Gil, regidora<br>Moncerrat Elvira Villarreal Torres, regidora<br>Ana Lilia Orozco Ortiz, regidora.<br><br>De la misma manera, Olivia Franco tambi\u00e9n rindi\u00f3 protesta como s\u00edndica municipal para el per\u00edodo 2021-2024. \u00a0 Asimismo, el Edil tambi\u00e9n tom\u00f3 protesta a las y los directores municipales que integrar\u00e1n al gabinete de esta administraci\u00f3n, los cuales son: <br>Mario Eduardo Garc\u00eda Jim\u00e9nez, director DIF Municipal <br>Marcela Piedra Romero, titular Oficial Mayor<br>Arturo Garc\u00eda Portillo, jefe de Gabinete <br>A\u00edda Amanda C\u00f3rdoba Ch\u00e1vez, Tesorer\u00eda Municipal <br>Ver\u00f3nica Estela Rodulfo Borunda, directora de Planeaci\u00f3n y Evaluaci\u00f3n <br>Juan Antonio Gonz\u00e1lez Villase\u00f1or, titular Instituto Municipal de Pensiones <br>Mariana de Lachica Huerta, titular \u00d3rgano Interno de Control <br>Federico Muruato Rocha, director Servicios P\u00fablicos <br>Adriana D\u00edaz Negrete, directora Desarrollo Urbano y Ecolog\u00eda <br>Jos\u00e9 Jes\u00fas Jord\u00e1n Orozco, director Desarrollo Econ\u00f3mico y Tur\u00edstico<br>M\u00f3nica Ivonne Herrera Villanueva, directora Desarrollo Humano y Educaci\u00f3n<br>Armando Guti\u00e9rrez Torres, director Desarrollo Rural <br>Fernando Coarasa Simental, director Mantenimiento Urbano<br>Mar\u00eda Fernanda Bencomo Arvizo, directora Instituto de Cultura Municipal <br>Ana Luc\u00eda Herrera, Despacho del Alcalde <br>Rodolfo Armend\u00e1riz Ronquillo, director Obras P\u00fablicas <br>Rosa Mar\u00eda Hern\u00e1ndez Mu\u00f1oz, directora Centro de Atenci\u00f3n y Prevenci\u00f3n Psicol\u00f3gica<br>Jorge Franco M\u00e1rquez, coordinador Comunicaci\u00f3n Social<br>Alicia Terrazas, directora Instituto Municipal de las Mujeres <br>Luis Orlando Villalobos Se\u00e1\u00f1ez, coordinador Relaciones P\u00fablicas<br>Juan Jos\u00e9 Abdo Fierro, director Instituto Municipal de Cultura F\u00edsica y Deporte <br>Carlos Alberto Rivas Mart\u00ednez, titular del Consejo de Urbanizaci\u00f3n Municipal<br>Carmen Yazm\u00edn Hidalgo Posada, coordinadora de Transparencia y Gobierno Abierto.<br>En el evento se cont\u00f3 con la presencia de Maru Campos, gobernadora del Estado; Mario V\u00e1zquez, presidente del H. Congreso del Estado; Pablo H\u00e9ctor Gonz\u00e1lez, presidente Tribunal Superior de Justicia; Federico Sol\u00f3rzano, general de Brigada del Estado Mayor y Mar\u00eda Ang\u00e9lica Granados, exalcaldesa de Chihuahua.<\/td><\/tr><\/tbody><\/table><\/figure>\n\n\n\n<figure class=\"wp-block-table\"><table><tbody><tr><td><\/td><\/tr><\/tbody><\/table><\/figure>\n","protected":false},"excerpt":{"rendered":"<p>Ciudad de Chihuahua.- \u00a0 En sesi\u00f3n solemne de Cabildo, la cual tuvo lugar en el Centro de Convenciones, Marco Antonio Bonilla Mendoza rindi\u00f3 protesta la noche de este 10 de septiembre como Presidente Municipal de Chihuahua por el per\u00edodo 2021-2024. Asimismo, durante la sesi\u00f3n se llev\u00f3 a cabo la toma de protesta a las y [&hellip;]<\/p>\n","protected":false},"author":1,"featured_media":41349,"comment_status":"closed","ping_status":"closed","sticky":false,"template":"","format":"standard","meta":{"rop_custom_images_group":[],"rop_custom_messages_group":[],"rop_publish_now":"initial","rop_publish_now_accounts":[],"rop_publish_now_history":[],"rop_publish_now_status":"pending","footnotes":""},"categories":[67],"tags":[23],"class_list":["post-41348","post","type-post","status-publish","format-standard","has-post-thumbnail","hentry","category-ciudad","tag-destacado"],"_links":{"self":[{"href":"https:\/\/notiissa.mx\/index.php?rest_route=\/wp\/v2\/posts\/41348","targetHints":{"allow":["GET"]}}],"collection":[{"href":"https:\/\/notiissa.mx\/index.php?rest_route=\/wp\/v2\/posts"}],"about":[{"href":"https:\/\/notiissa.mx\/index.php?rest_route=\/wp\/v2\/types\/post"}],"author":[{"embeddable":true,"href":"https:\/\/notiissa.mx\/index.php?rest_route=\/wp\/v2\/users\/1"}],"replies":[{"embeddable":true,"href":"https:\/\/notiissa.mx\/index.php?rest_route=%2Fwp%2Fv2%2Fcomments&post=41348"}],"version-history":[{"count":1,"href":"https:\/\/notiissa.mx\/index.php?rest_route=\/wp\/v2\/posts\/41348\/revisions"}],"predecessor-version":[{"id":41350,"href":"https:\/\/notiissa.mx\/index.php?rest_route=\/wp\/v2\/posts\/41348\/revisions\/41350"}],"wp:featuredmedia":[{"embeddable":true,"href":"https:\/\/notiissa.mx\/index.php?rest_route=\/wp\/v2\/media\/41349"}],"wp:attachment":[{"href":"https:\/\/notiissa.mx\/index.php?rest_route=%2Fwp%2Fv2%2Fmedia&parent=41348"}],"wp:term":[{"taxonomy":"category","embeddable":true,"href":"https:\/\/notiissa.mx\/index.php?rest_route=%2Fwp%2Fv2%2Fcategories&post=41348"},{"taxonomy":"post_tag","embeddable":true,"href":"https:\/\/notiissa.mx\/index.php?rest_route=%2Fwp%2Fv2%2Ftags&post=41348"}],"curies":[{"name":"wp","href":"https:\/\/api.w.org\/{rel}","templated":true}]}}